{"id":10939,"date":"2024-06-03T21:00:00","date_gmt":"2024-06-04T03:00:00","guid":{"rendered":"https:\/\/cronicadesoledad.com\/?p=10939"},"modified":"2024-06-03T17:49:04","modified_gmt":"2024-06-03T23:49:04","slug":"invitan-a-jovenes-a-taller-gratuito-de-iniciacion-teatral","status":"publish","type":"post","link":"https:\/\/cronicadesoledad.com\/index.php\/2024\/06\/03\/invitan-a-jovenes-a-taller-gratuito-de-iniciacion-teatral\/","title":{"rendered":"Invitan a j\u00f3venes a taller gratuito de iniciaci\u00f3n teatral"},"content":{"rendered":"\n<p>Con la finalidad de fomentar el desarrollo cultural y art\u00edstico de nuevos talentos, el Ayuntamiento de Soledad de Graciano S\u00e1nchez invita a j\u00f3venes de entre 11 y 19 a\u00f1os de edad a inscribirse al taller de iniciaci\u00f3n teatral &#8220;Tercera Llamada&#8221; que se impartir\u00e1 de forma gratuita.<\/p>\n\n\n\n<p>El Director de Cultura Municipal de Soledad, Roberto Posadas Mart\u00ednez, precis\u00f3 que este taller ser\u00e1 impartido por Yahir Gerardo P\u00e9rez V\u00e1zquez a partir del 5 de junio, en la Unidad Recreativa Villas de San Francisco, ubicada en calle Ferrocarrilera 712 de la colonia Villas de San Francisco.<\/p>\n\n\n\n<p>El cupo es limitado y las sesiones est\u00e1n planeadas en las que las y los participantes pueden desarrollar habilidades como mejorar su confianza, expresi\u00f3n oral, creatividad y trabajo en equipo, est\u00e1n programadas para efectuarse los lunes y mi\u00e9rcoles a las 17:00 horas, y los s\u00e1bados a las 9:00 horas.<\/p>\n\n\n\n<p>Este taller es una oportunidad para que las y los j\u00f3venes descubran y desarrollen sus habilidades teatrales en un ambiente din\u00e1mico, y tambi\u00e9n para potenciar nuevos talentos art\u00edsticos, las inscripciones est\u00e1n abiertas, por lo que las y los interesados pueden obtener m\u00e1s informaci\u00f3n y registrarse llamando al tel\u00e9fono 4448 08 89 02.<\/p>\n","protected":false},"excerpt":{"rendered":"<p>Con la finalidad de fomentar el desarrollo cultural y art\u00edstico de nuevos talentos, el Ayuntamiento de Soledad de Graciano S\u00e1nchez invita a j\u00f3venes de entre 11 y 19 a\u00f1os de edad a inscribirse al taller de iniciaci\u00f3n teatral &#8220;Tercera Llamada&#8221; que se impartir\u00e1 de forma gratuita. El Director de Cultura Municipal de Soledad, Roberto Posadas [&hellip;]<\/p>\n","protected":false},"author":2,"featured_media":10940,"comment_status":"open","ping_status":"open","sticky":false,"template":"","format":"standard","meta":{"footnotes":""},"categories":[24,21],"tags":[223,2295,294,261,27,962,2297,2296,1796],"class_list":{"0":"post-10939","1":"post","2":"type-post","3":"status-publish","4":"format-standard","5":"has-post-thumbnail","7":"category-informacion-general","8":"category-tu-soledad","9":"tag-ayuntamiento-soledense","10":"tag-iniciacion","11":"tag-san-luis","12":"tag-slp","13":"tag-soledad","14":"tag-taller","15":"tag-taller-de-iniciacion-teatral","16":"tag-taller-de-teatro","17":"tag-teatro"},"_links":{"self":[{"href":"https:\/\/cronicadesoledad.com\/index.php\/wp-json\/wp\/v2\/posts\/10939","targetHints":{"allow":["GET"]}}],"collection":[{"href":"https:\/\/cronicadesoledad.com\/index.php\/wp-json\/wp\/v2\/posts"}],"about":[{"href":"https:\/\/cronicadesoledad.com\/index.php\/wp-json\/wp\/v2\/types\/post"}],"author":[{"embeddable":true,"href":"https:\/\/cronicadesoledad.com\/index.php\/wp-json\/wp\/v2\/users\/2"}],"replies":[{"embeddable":true,"href":"https:\/\/cronicadesoledad.com\/index.php\/wp-json\/wp\/v2\/comments?post=10939"}],"version-history":[{"count":1,"href":"https:\/\/cronicadesoledad.com\/index.php\/wp-json\/wp\/v2\/posts\/10939\/revisions"}],"predecessor-version":[{"id":10941,"href":"https:\/\/cronicadesoledad.com\/index.php\/wp-json\/wp\/v2\/posts\/10939\/revisions\/10941"}],"wp:featuredmedia":[{"embeddable":true,"href":"https:\/\/cronicadesoledad.com\/index.php\/wp-json\/wp\/v2\/media\/10940"}],"wp:attachment":[{"href":"https:\/\/cronicadesoledad.com\/index.php\/wp-json\/wp\/v2\/media?parent=10939"}],"wp:term":[{"taxonomy":"category","embeddable":true,"href":"https:\/\/cronicadesoledad.com\/index.php\/wp-json\/wp\/v2\/categories?post=10939"},{"taxonomy":"post_tag","embeddable":true,"href":"https:\/\/cronicadesoledad.com\/index.php\/wp-json\/wp\/v2\/tags?post=10939"}],"curies":[{"name":"wp","href":"https:\/\/api.w.org\/{rel}","templated":true}]}}