{"id":10942,"date":"2024-06-04T03:15:00","date_gmt":"2024-06-04T09:15:00","guid":{"rendered":"https:\/\/cronicadesoledad.com\/?p=10942"},"modified":"2024-06-04T01:27:26","modified_gmt":"2024-06-04T07:27:26","slug":"hoy-gano-la-democracia-en-el-distrito-ii-chiquis","status":"publish","type":"post","link":"https:\/\/cronicadesoledad.com\/index.php\/2024\/06\/04\/hoy-gano-la-democracia-en-el-distrito-ii-chiquis\/","title":{"rendered":"\u201cHoy gan\u00f3 la democracia en el distrito II\u201d: Chiquis"},"content":{"rendered":"\n<p>Jos\u00e9 Luis &#8220;Chiquis&#8221; Fern\u00e1ndez, del Partido Verde Ecologista de M\u00e9xico (PVEM), se alz\u00f3 con la victoria como diputado federal del segundo distrito en Soledad de Graciano S\u00e1nchez. La contienda fue intensa, caracterizada por una alta participaci\u00f3n ciudadana y un ferviente debate de ideas y propuestas. Fern\u00e1ndez, conocido por su cercan\u00eda con la comunidad y su compromiso con el medio ambiente, logr\u00f3 captar la atenci\u00f3n y el apoyo de los votantes, consolidando as\u00ed su posici\u00f3n en la C\u00e1mara de Diputados.<\/p>\n\n\n\n<p>El flamante diputado, tras conocer los resultados, expres\u00f3 su gratitud y satisfacci\u00f3n por el respaldo recibido. &#8220;Gracias, hoy gano la democracia en el Distrito II Federal&#8221;, declar\u00f3 Fern\u00e1ndez, subrayando la importancia de la participaci\u00f3n ciudadana en el proceso democr\u00e1tico. Sus palabras reflejan su reconocimiento al papel crucial que jugaron los votantes en su triunfo y su compromiso de representar sus intereses en el Congreso.<\/p>\n\n\n\n<p>Durante su campa\u00f1a, Fern\u00e1ndez se destac\u00f3 por una propuesta centrada en el desarrollo sostenible y la protecci\u00f3n del medio ambiente, en l\u00ednea con los principios del PVEM. Su plataforma incluy\u00f3 iniciativas para mejorar la calidad del aire, gestionar los recursos h\u00eddricos de manera m\u00e1s eficiente y promover energ\u00edas renovables. Estos temas resonaron entre los electores del segundo distrito, quienes vieron en Fern\u00e1ndez a un l\u00edder dispuesto a trabajar por un futuro m\u00e1s verde y saludable para todos.<\/p>\n\n\n\n<p>En sus primeras declaraciones como diputado electo, Jos\u00e9 Luis Fern\u00e1ndez tambi\u00e9n hizo hincapi\u00e9 en la responsabilidad que ahora asume y en su determinaci\u00f3n de cumplir con las promesas hechas durante la campa\u00f1a. &#8220;No defraudar\u00e9 a quienes confiaron en m\u00ed. Trabajar\u00e9 con todo mi esfuerzo para lograr un cambio positivo en nuestro distrito&#8221;, afirm\u00f3. Fern\u00e1ndez destac\u00f3 la importancia de mantener un di\u00e1logo abierto y constante con la ciudadan\u00eda para asegurar que sus necesidades y preocupaciones sean escuchadas y atendidas.<\/p>\n\n\n\n<p>Finalmente, Fern\u00e1ndez celebr\u00f3 su victoria como un logro colectivo y reafirm\u00f3 su compromiso de trabajar en beneficio de todos los habitantes de Soledad de Graciano S\u00e1nchez. &#8220;Este triunfo es de todos nosotros. Juntos podemos construir un distrito mejor, m\u00e1s justo y verde&#8221;, concluy\u00f3. Con estas palabras, el nuevo diputado federal subraya su intenci\u00f3n de mantener una gesti\u00f3n colaborativa y transparente, buscando siempre el bienestar com\u00fan y el desarrollo sostenible de su comunidad.<\/p>\n","protected":false},"excerpt":{"rendered":"<p>Jos\u00e9 Luis &#8220;Chiquis&#8221; Fern\u00e1ndez, del Partido Verde Ecologista de M\u00e9xico (PVEM), se alz\u00f3 con la victoria como diputado federal del segundo distrito en Soledad de Graciano S\u00e1nchez. La contienda fue intensa, caracterizada por una alta participaci\u00f3n ciudadana y un ferviente debate de ideas y propuestas. Fern\u00e1ndez, conocido por su cercan\u00eda con la comunidad y su [&hellip;]<\/p>\n","protected":false},"author":2,"featured_media":10943,"comment_status":"open","ping_status":"open","sticky":false,"template":"","format":"standard","meta":{"footnotes":""},"categories":[1,24,21],"tags":[1122,2149,1896,259,2298,294,261,27],"class_list":{"0":"post-10942","1":"post","2":"type-post","3":"status-publish","4":"format-standard","5":"has-post-thumbnail","7":"category-destacadas","8":"category-informacion-general","9":"category-tu-soledad","10":"tag-1122","11":"tag-2024-la-sucesion","12":"tag-elecciones","13":"tag-elecciones-2024","14":"tag-jose-luis-fernandez-martinez","15":"tag-san-luis","16":"tag-slp","17":"tag-soledad"},"_links":{"self":[{"href":"https:\/\/cronicadesoledad.com\/index.php\/wp-json\/wp\/v2\/posts\/10942","targetHints":{"allow":["GET"]}}],"collection":[{"href":"https:\/\/cronicadesoledad.com\/index.php\/wp-json\/wp\/v2\/posts"}],"about":[{"href":"https:\/\/cronicadesoledad.com\/index.php\/wp-json\/wp\/v2\/types\/post"}],"author":[{"embeddable":true,"href":"https:\/\/cronicadesoledad.com\/index.php\/wp-json\/wp\/v2\/users\/2"}],"replies":[{"embeddable":true,"href":"https:\/\/cronicadesoledad.com\/index.php\/wp-json\/wp\/v2\/comments?post=10942"}],"version-history":[{"count":1,"href":"https:\/\/cronicadesoledad.com\/index.php\/wp-json\/wp\/v2\/posts\/10942\/revisions"}],"predecessor-version":[{"id":10944,"href":"https:\/\/cronicadesoledad.com\/index.php\/wp-json\/wp\/v2\/posts\/10942\/revisions\/10944"}],"wp:featuredmedia":[{"embeddable":true,"href":"https:\/\/cronicadesoledad.com\/index.php\/wp-json\/wp\/v2\/media\/10943"}],"wp:attachment":[{"href":"https:\/\/cronicadesoledad.com\/index.php\/wp-json\/wp\/v2\/media?parent=10942"}],"wp:term":[{"taxonomy":"category","embeddable":true,"href":"https:\/\/cronicadesoledad.com\/index.php\/wp-json\/wp\/v2\/categories?post=10942"},{"taxonomy":"post_tag","embeddable":true,"href":"https:\/\/cronicadesoledad.com\/index.php\/wp-json\/wp\/v2\/tags?post=10942"}],"curies":[{"name":"wp","href":"https:\/\/api.w.org\/{rel}","templated":true}]}}