{"id":10964,"date":"2024-06-05T19:00:00","date_gmt":"2024-06-06T01:00:00","guid":{"rendered":"https:\/\/cronicadesoledad.com\/?p=10964"},"modified":"2024-06-05T18:44:35","modified_gmt":"2024-06-06T00:44:35","slug":"preparan-segunda-edicion-de-leyendas-urbanas-soledenses","status":"publish","type":"post","link":"https:\/\/cronicadesoledad.com\/index.php\/2024\/06\/05\/preparan-segunda-edicion-de-leyendas-urbanas-soledenses\/","title":{"rendered":"Preparan segunda edici\u00f3n de Leyendas Urbanas Soledenses"},"content":{"rendered":"\n<p>Para preservar la cultura y las tradiciones locales para las futuras generaciones, el Gobierno Municipal de Soledad de Graciano S\u00e1nchez avanza en la preparaci\u00f3n del segundo libro de leyendas soledenses, mediante el cual se pretende contribuir al enriquecimiento cultural, educativo, tur\u00edstico y social a la ciudadan\u00eda en general, incluida la visitante.&nbsp;<\/p>\n\n\n\n<p>El cronista municipal, Amado Juan S\u00e1nchez Cabrera, en sus continuos acercamientos con j\u00f3venes y adultos mayores del municipio, ha recopilado nuevas leyendas que ser\u00e1n incluidas en esta nueva obra literaria, concretamente sobre alg\u00fan personaje o hecho hist\u00f3rico proporcionado por la misma poblaci\u00f3n que vive en esos entornos.<\/p>\n\n\n\n<p>Con el objetivo de fomentar el inter\u00e9s por la historia y el patrimonio cultural entre las nuevas generaciones, el cronista ha dedicado su tiempo a investigar y recopilar informaci\u00f3n valiosa para este proyecto, verificando y contrastando datos en otros libros, aspectos geogr\u00e1ficos y peri\u00f3dicos, lo que ha enriquecido estas leyendas, asegurando que se trata de hechos reales ocurridos en distintos puntos, en d\u00e9cadas pasadas.<\/p>\n\n\n\n<p>El nuevo libro, al igual que su predecesor, contar\u00e1 con un total de 20 leyendas de las que, hasta el momento, se han recopilado 14 y se espera concluirlo lo m\u00e1s pronto posible para compartir con las y los soledenses y visitantes la riqueza cultural e hist\u00f3rica del municipio.<\/p>\n","protected":false},"excerpt":{"rendered":"<p>Para preservar la cultura y las tradiciones locales para las futuras generaciones, el Gobierno Municipal de Soledad de Graciano S\u00e1nchez avanza en la preparaci\u00f3n del segundo libro de leyendas soledenses, mediante el cual se pretende contribuir al enriquecimiento cultural, educativo, tur\u00edstico y social a la ciudadan\u00eda en general, incluida la visitante.&nbsp; El cronista municipal, Amado [&hellip;]<\/p>\n","protected":false},"author":2,"featured_media":10965,"comment_status":"open","ping_status":"open","sticky":false,"template":"","format":"standard","meta":{"footnotes":""},"categories":[24,21],"tags":[223,1130,2304,2305,294,261,27],"class_list":{"0":"post-10964","1":"post","2":"type-post","3":"status-publish","4":"format-standard","5":"has-post-thumbnail","7":"category-informacion-general","8":"category-tu-soledad","9":"tag-ayuntamiento-soledense","10":"tag-lectura","11":"tag-leyendas-urbanas-soledenses","12":"tag-libro","13":"tag-san-luis","14":"tag-slp","15":"tag-soledad"},"_links":{"self":[{"href":"https:\/\/cronicadesoledad.com\/index.php\/wp-json\/wp\/v2\/posts\/10964","targetHints":{"allow":["GET"]}}],"collection":[{"href":"https:\/\/cronicadesoledad.com\/index.php\/wp-json\/wp\/v2\/posts"}],"about":[{"href":"https:\/\/cronicadesoledad.com\/index.php\/wp-json\/wp\/v2\/types\/post"}],"author":[{"embeddable":true,"href":"https:\/\/cronicadesoledad.com\/index.php\/wp-json\/wp\/v2\/users\/2"}],"replies":[{"embeddable":true,"href":"https:\/\/cronicadesoledad.com\/index.php\/wp-json\/wp\/v2\/comments?post=10964"}],"version-history":[{"count":1,"href":"https:\/\/cronicadesoledad.com\/index.php\/wp-json\/wp\/v2\/posts\/10964\/revisions"}],"predecessor-version":[{"id":10966,"href":"https:\/\/cronicadesoledad.com\/index.php\/wp-json\/wp\/v2\/posts\/10964\/revisions\/10966"}],"wp:featuredmedia":[{"embeddable":true,"href":"https:\/\/cronicadesoledad.com\/index.php\/wp-json\/wp\/v2\/media\/10965"}],"wp:attachment":[{"href":"https:\/\/cronicadesoledad.com\/index.php\/wp-json\/wp\/v2\/media?parent=10964"}],"wp:term":[{"taxonomy":"category","embeddable":true,"href":"https:\/\/cronicadesoledad.com\/index.php\/wp-json\/wp\/v2\/categories?post=10964"},{"taxonomy":"post_tag","embeddable":true,"href":"https:\/\/cronicadesoledad.com\/index.php\/wp-json\/wp\/v2\/tags?post=10964"}],"curies":[{"name":"wp","href":"https:\/\/api.w.org\/{rel}","templated":true}]}}