{"id":10979,"date":"2024-06-06T21:00:00","date_gmt":"2024-06-07T03:00:00","guid":{"rendered":"https:\/\/cronicadesoledad.com\/?p=10979"},"modified":"2024-06-06T19:22:37","modified_gmt":"2024-06-07T01:22:37","slug":"llevan-programa-escuela-segura-a-mas-alumnos","status":"publish","type":"post","link":"https:\/\/cronicadesoledad.com\/index.php\/2024\/06\/06\/llevan-programa-escuela-segura-a-mas-alumnos\/","title":{"rendered":"Llevan programa &#8220;Escuela Segura&#8221; a m\u00e1s alumnos"},"content":{"rendered":"\n<p>Con la finalidad de contrarrestar las situaciones de riesgo en los planteles educativos y garantizar entornos seguros para las y los estudiantes, el Ayuntamiento de Soledad de Graciano S\u00e1nchez, en colaboraci\u00f3n con diversas dependencias gubernamentales, llev\u00f3 a cabo una nueva edici\u00f3n del programa &#8220;Escuela Segura, sigamos adelante&#8221; en la Escuela Primaria &#8220;Margarita Maza de Ju\u00e1rez&#8221; en la Cabecera municipal.<\/p>\n\n\n\n<p>Mediante este programa se mantiene un acercamiento constante con los elementos de Seguridad P\u00fablica municipal, estatal y federal para identificar, actuar y prevenir hechos que atenten contra la integridad emocional, f\u00edsica y psicol\u00f3gica de la comunidad escolar.<\/p>\n\n\n\n<p>El acto central de esta edici\u00f3n fue la presentaci\u00f3n de una demostraci\u00f3n por binomios caninos de la Guardia Civil Estatal, quienes ejecutaron una simulaci\u00f3n de b\u00fasqueda de objetos y sustancias prohibidas, en la cual se mostr\u00f3 la capacidad y la prontitud con la que los animales entrenados pueden actuar en entornos escolares, destacando la importancia de la prevenci\u00f3n y la seguridad.<\/p>\n\n\n\n<p>Durante el evento, la Alcaldesa interina Araceli Mart\u00ednez P\u00e9rez, agradeci\u00f3 la coordinaci\u00f3n entre autoridades e instituciones educativas para hacer posible este programa, y reiter\u00f3 el compromiso firme con la seguridad y bienestar de las y los estudiantes, se\u00f1alando que \u201ceste esfuerzo conjunto nos permite formar un frente s\u00f3lido contra cualquier amenaza que pueda poner en riesgo la paz y el orden en nuestros establecimientos educativos\u201d.<\/p>\n\n\n\n<p>Por su parte, la directora del plantel, Alma Elizabeth S\u00e1nchez, subray\u00f3 que la seguridad en la educaci\u00f3n b\u00e1sica es una condici\u00f3n imprescindible para que las y los ni\u00f1os y adolescentes puedan aprender. \u201cAgradecemos y reconocemos el valioso esfuerzo de nuestras autoridades en distintos niveles para sumar esfuerzos y lograr resultados satisfactorios, permiti\u00e9ndonos vivir en un ambiente de paz y armon\u00eda\u201d, dijo y destac\u00f3 que la seguridad de estudiantes est\u00e1 contemplada en el art\u00edculo tercero de la constituci\u00f3n.<\/p>\n\n\n\n<p>La realizaci\u00f3n del programa &#8220;Escuela Segura&#8221; cont\u00f3 con la presencia de Mar\u00eda del Pilar Cardona Reyna, presidenta del Sistema Municipal DIF; la Contralora Interna, Mariana S\u00e1nchez Mart\u00ednez; integrantes del cabildo municipal; as\u00ed como representantes de dependencias estatales y federales, as\u00ed como miembros de Seguridad P\u00fablica de los tres niveles de gobierno.<\/p>\n","protected":false},"excerpt":{"rendered":"<p>Con la finalidad de contrarrestar las situaciones de riesgo en los planteles educativos y garantizar entornos seguros para las y los estudiantes, el Ayuntamiento de Soledad de Graciano S\u00e1nchez, en colaboraci\u00f3n con diversas dependencias gubernamentales, llev\u00f3 a cabo una nueva edici\u00f3n del programa &#8220;Escuela Segura, sigamos adelante&#8221; en la Escuela Primaria &#8220;Margarita Maza de Ju\u00e1rez&#8221; [&hellip;]<\/p>\n","protected":false},"author":2,"featured_media":10980,"comment_status":"open","ping_status":"open","sticky":false,"template":"","format":"standard","meta":{"footnotes":""},"categories":[24,19,21],"tags":[223,1888,253,565,294,261,27],"class_list":{"0":"post-10979","1":"post","2":"type-post","3":"status-publish","4":"format-standard","5":"has-post-thumbnail","7":"category-informacion-general","8":"category-seguridad","9":"category-tu-soledad","10":"tag-ayuntamiento-soledense","11":"tag-educacion-2","12":"tag-escuela-segura","13":"tag-escuelas","14":"tag-san-luis","15":"tag-slp","16":"tag-soledad"},"_links":{"self":[{"href":"https:\/\/cronicadesoledad.com\/index.php\/wp-json\/wp\/v2\/posts\/10979","targetHints":{"allow":["GET"]}}],"collection":[{"href":"https:\/\/cronicadesoledad.com\/index.php\/wp-json\/wp\/v2\/posts"}],"about":[{"href":"https:\/\/cronicadesoledad.com\/index.php\/wp-json\/wp\/v2\/types\/post"}],"author":[{"embeddable":true,"href":"https:\/\/cronicadesoledad.com\/index.php\/wp-json\/wp\/v2\/users\/2"}],"replies":[{"embeddable":true,"href":"https:\/\/cronicadesoledad.com\/index.php\/wp-json\/wp\/v2\/comments?post=10979"}],"version-history":[{"count":1,"href":"https:\/\/cronicadesoledad.com\/index.php\/wp-json\/wp\/v2\/posts\/10979\/revisions"}],"predecessor-version":[{"id":10981,"href":"https:\/\/cronicadesoledad.com\/index.php\/wp-json\/wp\/v2\/posts\/10979\/revisions\/10981"}],"wp:featuredmedia":[{"embeddable":true,"href":"https:\/\/cronicadesoledad.com\/index.php\/wp-json\/wp\/v2\/media\/10980"}],"wp:attachment":[{"href":"https:\/\/cronicadesoledad.com\/index.php\/wp-json\/wp\/v2\/media?parent=10979"}],"wp:term":[{"taxonomy":"category","embeddable":true,"href":"https:\/\/cronicadesoledad.com\/index.php\/wp-json\/wp\/v2\/categories?post=10979"},{"taxonomy":"post_tag","embeddable":true,"href":"https:\/\/cronicadesoledad.com\/index.php\/wp-json\/wp\/v2\/tags?post=10979"}],"curies":[{"name":"wp","href":"https:\/\/api.w.org\/{rel}","templated":true}]}}