{"id":11032,"date":"2024-06-12T19:00:00","date_gmt":"2024-06-13T01:00:00","guid":{"rendered":"https:\/\/cronicadesoledad.com\/?p=11032"},"modified":"2024-06-12T14:21:41","modified_gmt":"2024-06-12T20:21:41","slug":"podria-leonor-noyola-no-regresa-a-la-presidencia-municipal","status":"publish","type":"post","link":"https:\/\/cronicadesoledad.com\/index.php\/2024\/06\/12\/podria-leonor-noyola-no-regresa-a-la-presidencia-municipal\/","title":{"rendered":"Podr\u00eda Leonor Noyola no regresa a la presidencia municipal"},"content":{"rendered":"\n<p>A tres meses de que la alcaldesa de Soledad de Graciano S\u00e1nchez, Leonor Noyola Cervantes, solicitara licencia al cargo previo al proceso electoral, el ayuntamiento municipal inform\u00f3 que podr\u00eda no regresar a sus funciones.<\/p>\n\n\n\n<p>El \u00e1rea de comunicaci\u00f3n social del Gobierno Municipal de Soledad se\u00f1al\u00f3 que Noyola solicit\u00f3 la licencia hasta el 30 de septiembre de este a\u00f1o y que, un d\u00eda despu\u00e9s, el 1 de octubre, Juan Manuel Navarro asumir\u00eda el cargo como alcalde de Soledad para el periodo 2024-2027.<\/p>\n\n\n\n<p>El pasado 3 de marzo de 2024, en sesi\u00f3n extraordinaria, el cabildo de Soledad aprob\u00f3 la solicitud de licencia de Leonor Noyola por motivos personales y no para contender por un cargo p\u00fablico en las elecciones del 2 de junio pasado.<\/p>\n\n\n\n<p>En su lugar, nombraron por unanimidad a Araceli Mart\u00ednez como alcaldesa interina, debido a su experiencia en la funci\u00f3n p\u00fablica y su conocimiento de la administraci\u00f3n y las necesidades de la comunidad.<\/p>\n\n\n\n<p>Hasta el momento, Leonor Noyola no ha anunciado en sus redes sociales ni ante los medios de comunicaci\u00f3n cu\u00e1ndo podr\u00eda regresar a sus funciones como alcaldesa electa, a diferencia del presidente municipal de San Luis Potos\u00ed, Enrique Galindo Ceballos, quien tambi\u00e9n solicit\u00f3 licencia por el mismo periodo y ya anunci\u00f3 que regresar\u00e1 a su cargo este mes de junio.<\/p>\n","protected":false},"excerpt":{"rendered":"<p>A tres meses de que la alcaldesa de Soledad de Graciano S\u00e1nchez, Leonor Noyola Cervantes, solicitara licencia al cargo previo al proceso electoral, el ayuntamiento municipal inform\u00f3 que podr\u00eda no regresar a sus funciones. El \u00e1rea de comunicaci\u00f3n social del Gobierno Municipal de Soledad se\u00f1al\u00f3 que Noyola solicit\u00f3 la licencia hasta el 30 de septiembre [&hellip;]<\/p>\n","protected":false},"author":2,"featured_media":11033,"comment_status":"open","ping_status":"open","sticky":false,"template":"","format":"standard","meta":{"footnotes":""},"categories":[24],"tags":[81,29,2120,294,261,27],"class_list":{"0":"post-11032","1":"post","2":"type-post","3":"status-publish","4":"format-standard","5":"has-post-thumbnail","7":"category-informacion-general","8":"tag-alcaldesa-soledense","9":"tag-leonor-noyola","10":"tag-presidencia-municipal-soledense","11":"tag-san-luis","12":"tag-slp","13":"tag-soledad"},"_links":{"self":[{"href":"https:\/\/cronicadesoledad.com\/index.php\/wp-json\/wp\/v2\/posts\/11032","targetHints":{"allow":["GET"]}}],"collection":[{"href":"https:\/\/cronicadesoledad.com\/index.php\/wp-json\/wp\/v2\/posts"}],"about":[{"href":"https:\/\/cronicadesoledad.com\/index.php\/wp-json\/wp\/v2\/types\/post"}],"author":[{"embeddable":true,"href":"https:\/\/cronicadesoledad.com\/index.php\/wp-json\/wp\/v2\/users\/2"}],"replies":[{"embeddable":true,"href":"https:\/\/cronicadesoledad.com\/index.php\/wp-json\/wp\/v2\/comments?post=11032"}],"version-history":[{"count":1,"href":"https:\/\/cronicadesoledad.com\/index.php\/wp-json\/wp\/v2\/posts\/11032\/revisions"}],"predecessor-version":[{"id":11034,"href":"https:\/\/cronicadesoledad.com\/index.php\/wp-json\/wp\/v2\/posts\/11032\/revisions\/11034"}],"wp:featuredmedia":[{"embeddable":true,"href":"https:\/\/cronicadesoledad.com\/index.php\/wp-json\/wp\/v2\/media\/11033"}],"wp:attachment":[{"href":"https:\/\/cronicadesoledad.com\/index.php\/wp-json\/wp\/v2\/media?parent=11032"}],"wp:term":[{"taxonomy":"category","embeddable":true,"href":"https:\/\/cronicadesoledad.com\/index.php\/wp-json\/wp\/v2\/categories?post=11032"},{"taxonomy":"post_tag","embeddable":true,"href":"https:\/\/cronicadesoledad.com\/index.php\/wp-json\/wp\/v2\/tags?post=11032"}],"curies":[{"name":"wp","href":"https:\/\/api.w.org\/{rel}","templated":true}]}}