{"id":11041,"date":"2024-06-12T22:00:00","date_gmt":"2024-06-13T04:00:00","guid":{"rendered":"https:\/\/cronicadesoledad.com\/?p=11041"},"modified":"2024-06-12T19:13:03","modified_gmt":"2024-06-13T01:13:03","slug":"transito-y-policia-vial-inician-curso-a-personal-de-peritaje","status":"publish","type":"post","link":"https:\/\/cronicadesoledad.com\/index.php\/2024\/06\/12\/transito-y-policia-vial-inician-curso-a-personal-de-peritaje\/","title":{"rendered":"Tr\u00e1nsito y polic\u00eda vial inician curso a personal de peritaje"},"content":{"rendered":"\n<p>Con el objetivo de contar con oficiales aptos para llevar a cabo su trabajo en todas las \u00e1reas y brindar una mayor atenci\u00f3n y servicio a la ciudadan\u00eda, la Direcci\u00f3n Tr\u00e1nsito y Polic\u00eda Vial de Soledad de Graciano S\u00e1nchez comenz\u00f3 con un curso de capacitaci\u00f3n en materia de hechos de tr\u00e1nsito terrestres, el cual fue inaugurado por el Director General de la corporaci\u00f3n municipal, comisario Jorge Ram\u00edrez Leyva, y por el Director de la Polic\u00eda Vial, comandante Miguel \u00c1ngel Hern\u00e1ndez Hern\u00e1ndez.<\/p>\n\n\n\n<p>El curso tendr\u00e1 duraci\u00f3n de un mes con sesiones de entre 4 y 5 horas, el cual ser\u00e1 impartido por un perito de tr\u00e1nsito de la Secretar\u00eda de Seguridad y Protecci\u00f3n Ciudadana (SSPC) Municipal de la capital, que cuenta con una certificaci\u00f3n de la Secretar\u00eda del Trabajo y Previsi\u00f3n Social, en el que se fortalece la labor que los peritos llevan a cabo en la resoluci\u00f3n de percances viales, tambi\u00e9n abarcar\u00e1n temas en los que se debe contar con una amplia actualizaci\u00f3n para brindar un mejor servicio.<\/p>\n\n\n\n<p>Dentro del curso se abordar\u00e1n situaciones que repercuten en un proceder m\u00e1s amplio que dar\u00e1 garant\u00eda de tranquilidad a las y los conductores, sobre todo porque se trabajar\u00e1 la parte de la atenci\u00f3n a trav\u00e9s de la proximidad con los ciudadanos para generar conciencia en el respeto al reglamento de tr\u00e1nsito.<\/p>\n\n\n\n<p>Las sesiones de llevar\u00e1n a cabo en las instalaciones de la comandancia central de la corporaci\u00f3n municipal, y tambi\u00e9n acudir\u00e1n peritos de la capital del estado que buscan capacitarse en los temas que se incluyen, est\u00e1s acciones son parte de uno de los objetivos de Seguridad P\u00fablica de Soledad, que es el brindar una atenci\u00f3n inmediata e integral a la ciudadan\u00eda que les garantiza oficiales mejor preparados.<\/p>\n","protected":false},"excerpt":{"rendered":"<p>Con el objetivo de contar con oficiales aptos para llevar a cabo su trabajo en todas las \u00e1reas y brindar una mayor atenci\u00f3n y servicio a la ciudadan\u00eda, la Direcci\u00f3n Tr\u00e1nsito y Polic\u00eda Vial de Soledad de Graciano S\u00e1nchez comenz\u00f3 con un curso de capacitaci\u00f3n en materia de hechos de tr\u00e1nsito terrestres, el cual fue [&hellip;]<\/p>\n","protected":false},"author":2,"featured_media":11042,"comment_status":"open","ping_status":"open","sticky":false,"template":"","format":"standard","meta":{"footnotes":""},"categories":[24,19,21],"tags":[223,1869,2327,2326,294,276,261,27,2129,958],"class_list":{"0":"post-11041","1":"post","2":"type-post","3":"status-publish","4":"format-standard","5":"has-post-thumbnail","7":"category-informacion-general","8":"category-seguridad","9":"category-tu-soledad","10":"tag-ayuntamiento-soledense","11":"tag-curso","12":"tag-peritaje","13":"tag-peritos","14":"tag-san-luis","15":"tag-seguridad","16":"tag-slp","17":"tag-soledad","18":"tag-transito-2","19":"tag-vialidad"},"_links":{"self":[{"href":"https:\/\/cronicadesoledad.com\/index.php\/wp-json\/wp\/v2\/posts\/11041","targetHints":{"allow":["GET"]}}],"collection":[{"href":"https:\/\/cronicadesoledad.com\/index.php\/wp-json\/wp\/v2\/posts"}],"about":[{"href":"https:\/\/cronicadesoledad.com\/index.php\/wp-json\/wp\/v2\/types\/post"}],"author":[{"embeddable":true,"href":"https:\/\/cronicadesoledad.com\/index.php\/wp-json\/wp\/v2\/users\/2"}],"replies":[{"embeddable":true,"href":"https:\/\/cronicadesoledad.com\/index.php\/wp-json\/wp\/v2\/comments?post=11041"}],"version-history":[{"count":1,"href":"https:\/\/cronicadesoledad.com\/index.php\/wp-json\/wp\/v2\/posts\/11041\/revisions"}],"predecessor-version":[{"id":11043,"href":"https:\/\/cronicadesoledad.com\/index.php\/wp-json\/wp\/v2\/posts\/11041\/revisions\/11043"}],"wp:featuredmedia":[{"embeddable":true,"href":"https:\/\/cronicadesoledad.com\/index.php\/wp-json\/wp\/v2\/media\/11042"}],"wp:attachment":[{"href":"https:\/\/cronicadesoledad.com\/index.php\/wp-json\/wp\/v2\/media?parent=11041"}],"wp:term":[{"taxonomy":"category","embeddable":true,"href":"https:\/\/cronicadesoledad.com\/index.php\/wp-json\/wp\/v2\/categories?post=11041"},{"taxonomy":"post_tag","embeddable":true,"href":"https:\/\/cronicadesoledad.com\/index.php\/wp-json\/wp\/v2\/tags?post=11041"}],"curies":[{"name":"wp","href":"https:\/\/api.w.org\/{rel}","templated":true}]}}