{"id":11094,"date":"2024-06-18T20:00:00","date_gmt":"2024-06-19T02:00:00","guid":{"rendered":"https:\/\/cronicadesoledad.com\/?p=11094"},"modified":"2024-06-18T19:31:41","modified_gmt":"2024-06-19T01:31:41","slug":"en-tiempo-record-entregaron-pavimentacion-de-calle-ramon-lopez-velarde","status":"publish","type":"post","link":"https:\/\/cronicadesoledad.com\/index.php\/2024\/06\/18\/en-tiempo-record-entregaron-pavimentacion-de-calle-ramon-lopez-velarde\/","title":{"rendered":"En tiempo r\u00e9cord, entregaron pavimentaci\u00f3n de calle Ram\u00f3n L\u00f3pez Velarde"},"content":{"rendered":"\n<p>Con una inversi\u00f3n superior a los tres millones de pesos y en tiempo r\u00e9cord, el Ayuntamiento de Soledad de Graciano S\u00e1nchez hizo la entrega oficial a familias beneficiarias de la pavimentaci\u00f3n de la calle Manuel L\u00f3pez Velarde en la colonia Rivas Guill\u00e9n norte, con lo que se fortalecen los servicios p\u00fablicos, iluminaci\u00f3n led y la plusval\u00eda de las viviendas.\u00a0<\/p>\n\n\n\n<p>La Alcaldesa interina, Araceli Mart\u00ednez P\u00e9rez encabez\u00f3 el evento inaugural, destacando la importancia de esta obra para las y los habitantes que hoy gozan de un nuevo rostro en su entorno, eliminando as\u00ed los problemas de inundaciones, adem\u00e1s de se\u00f1alar que la culminaci\u00f3n de este proyecto es un paso significativo hacia la mejora de la calidad de vida de las y los habitantes de Soledad de Graciano S\u00e1nchez.<\/p>\n\n\n\n<p>&#8220;Para m\u00ed es grato venir a entregarles a las familias de este sector la renovaci\u00f3n completa de la calle Manuel L\u00f3pez Velarde, hace unas semanas iniciamos los trabajos correspondientes y hoy vemos completamente distinto este lugar, con una calle firme que pone fin a los problemas de inundaciones y tierra suelta. La pavimentaci\u00f3n de esta calle se realiz\u00f3 en un tiempo r\u00e9cord, atendiendo la demanda de los habitantes de la zona y demostrando el compromiso que este Gobierno tiene con todos las y los soledenses&#8221;, expres\u00f3 la edil.<\/p>\n\n\n\n<p>La obra de pavimentaci\u00f3n abarca una intervenci\u00f3n de dos mil 300 metros cuadrados, e incluye la instalaci\u00f3n de un nuevo sistema de drenaje, concreto hidr\u00e1ulico de m\u00e1xima duraci\u00f3n, iluminaci\u00f3n y se\u00f1al\u00e9tica que garantizan la seguridad de todos los peatones y conductores que utilizan esta v\u00eda tan importante para los vecinos de Rivas Guill\u00e9n.<\/p>\n\n\n\n<p>En el evento de inauguraci\u00f3n tambi\u00e9n estuvieron presentes Benjam\u00edn P\u00e9rez \u00c1lvarez, Secretario General del Ayuntamiento; Mar\u00eda del Pilar Cardona Reyna, Presidenta del DIF Municipal; Nataly del Carmen Alfaro, directora de Infraestructura Municipal; Mariana S\u00e1nchez Mart\u00ednez, Contralora Municipal; y la beneficiaria Guadalupe G\u00e1mez L\u00f3pez.<\/p>\n","protected":false},"excerpt":{"rendered":"<p>Con una inversi\u00f3n superior a los tres millones de pesos y en tiempo r\u00e9cord, el Ayuntamiento de Soledad de Graciano S\u00e1nchez hizo la entrega oficial a familias beneficiarias de la pavimentaci\u00f3n de la calle Manuel L\u00f3pez Velarde en la colonia Rivas Guill\u00e9n norte, con lo que se fortalecen los servicios p\u00fablicos, iluminaci\u00f3n led y la [&hellip;]<\/p>\n","protected":false},"author":2,"featured_media":11095,"comment_status":"open","ping_status":"open","sticky":false,"template":"","format":"standard","meta":{"footnotes":""},"categories":[1],"tags":[223,2339,2340,279,1647,1427,1820,294,261,27,958],"class_list":{"0":"post-11094","1":"post","2":"type-post","3":"status-publish","4":"format-standard","5":"has-post-thumbnail","7":"category-destacadas","8":"tag-ayuntamiento-soledense","9":"tag-calle-ramon-lopez-velarde","10":"tag-colonia-rivas-guillen","11":"tag-obras","12":"tag-obras-viales","13":"tag-pavimentacion","14":"tag-rivas-guillen","15":"tag-san-luis","16":"tag-slp","17":"tag-soledad","18":"tag-vialidad"},"_links":{"self":[{"href":"https:\/\/cronicadesoledad.com\/index.php\/wp-json\/wp\/v2\/posts\/11094","targetHints":{"allow":["GET"]}}],"collection":[{"href":"https:\/\/cronicadesoledad.com\/index.php\/wp-json\/wp\/v2\/posts"}],"about":[{"href":"https:\/\/cronicadesoledad.com\/index.php\/wp-json\/wp\/v2\/types\/post"}],"author":[{"embeddable":true,"href":"https:\/\/cronicadesoledad.com\/index.php\/wp-json\/wp\/v2\/users\/2"}],"replies":[{"embeddable":true,"href":"https:\/\/cronicadesoledad.com\/index.php\/wp-json\/wp\/v2\/comments?post=11094"}],"version-history":[{"count":1,"href":"https:\/\/cronicadesoledad.com\/index.php\/wp-json\/wp\/v2\/posts\/11094\/revisions"}],"predecessor-version":[{"id":11096,"href":"https:\/\/cronicadesoledad.com\/index.php\/wp-json\/wp\/v2\/posts\/11094\/revisions\/11096"}],"wp:featuredmedia":[{"embeddable":true,"href":"https:\/\/cronicadesoledad.com\/index.php\/wp-json\/wp\/v2\/media\/11095"}],"wp:attachment":[{"href":"https:\/\/cronicadesoledad.com\/index.php\/wp-json\/wp\/v2\/media?parent=11094"}],"wp:term":[{"taxonomy":"category","embeddable":true,"href":"https:\/\/cronicadesoledad.com\/index.php\/wp-json\/wp\/v2\/categories?post=11094"},{"taxonomy":"post_tag","embeddable":true,"href":"https:\/\/cronicadesoledad.com\/index.php\/wp-json\/wp\/v2\/tags?post=11094"}],"curies":[{"name":"wp","href":"https:\/\/api.w.org\/{rel}","templated":true}]}}