{"id":11134,"date":"2024-06-21T22:00:00","date_gmt":"2024-06-22T04:00:00","guid":{"rendered":"https:\/\/cronicadesoledad.com\/?p=11134"},"modified":"2024-06-21T19:36:21","modified_gmt":"2024-06-22T01:36:21","slug":"abren-inscripciones-al-campamento-infantil-pequenos-gigantes","status":"publish","type":"post","link":"https:\/\/cronicadesoledad.com\/index.php\/2024\/06\/21\/abren-inscripciones-al-campamento-infantil-pequenos-gigantes\/","title":{"rendered":"Abren inscripciones al campamento infantil &#8220;Peque\u00f1os Gigantes&#8221;"},"content":{"rendered":"\n<p>Con el objetivo de fomentar valores y reforzar acciones de cercan\u00eda con la sociedad para formar mejores ciudadanos, Seguridad P\u00fablica de Soledad de Graciano S\u00e1nchez comenzar\u00e1 con el campamento de verano &#8220;Peque\u00f1os Gigantes&#8221;, el cual se realizar\u00e1 del primero al 26 de julio de 2024 recibiendo a menores de 6 a 13 a\u00f1os de edad.<\/p>\n\n\n\n<p>El campamento organizado por la subdirecci\u00f3n de Proximidad Social es totalmente gratuito, y constar\u00e1 de cuatro semanas en los que grupos confirmados por 60 ni\u00f1as y ni\u00f1os realizar\u00e1n distintas actividades de esparcimiento y cultura.<\/p>\n\n\n\n<p>Dentro de las din\u00e1micas que se realizar\u00e1n se tienen programados como el Museo del Ferrocarril, el Museo de la M\u00e1scara, Muestro Leonora Carrington, la estaci\u00f3n de Bomberos del municipio, la empresa Bimbo, entre otros lugares, y las actividades terminar\u00e1n en punto de las 14:00 horas regresando al punto de reuni\u00f3n.<\/p>\n\n\n\n<p>Los requisitos para inscribir a las y los menores comenzar\u00e1n el pr\u00f3ximo lunes 24 de junio, y la documentaci\u00f3n se recibir\u00e1 en la comandancia central, calle Iturbide #500 colonia Rancho Pav\u00f3n, en horario de 09:00 de la ma\u00f1ana a las 15:00 horas, los documentos a presentar son copias de:<\/p>\n\n\n\n<ul class=\"wp-block-list\">\n<li>Acta de nacimiento del menor.<\/li>\n\n\n\n<li>CURP del menor.<\/li>\n\n\n\n<li>INE del padre o tutor.<\/li>\n\n\n\n<li>Dos fotograf\u00edas del menor.<\/li>\n\n\n\n<li>Comprobante de domicilio.<\/li>\n<\/ul>\n","protected":false},"excerpt":{"rendered":"<p>Con el objetivo de fomentar valores y reforzar acciones de cercan\u00eda con la sociedad para formar mejores ciudadanos, Seguridad P\u00fablica de Soledad de Graciano S\u00e1nchez comenzar\u00e1 con el campamento de verano &#8220;Peque\u00f1os Gigantes&#8221;, el cual se realizar\u00e1 del primero al 26 de julio de 2024 recibiendo a menores de 6 a 13 a\u00f1os de edad. [&hellip;]<\/p>\n","protected":false},"author":2,"featured_media":11135,"comment_status":"open","ping_status":"open","sticky":false,"template":"","format":"standard","meta":{"footnotes":""},"categories":[24,21],"tags":[223,2185,2187,2361,294,276,261,27,2182],"class_list":{"0":"post-11134","1":"post","2":"type-post","3":"status-publish","4":"format-standard","5":"has-post-thumbnail","7":"category-informacion-general","8":"category-tu-soledad","9":"tag-ayuntamiento-soledense","10":"tag-campamento","11":"tag-campamento-de-verano","12":"tag-pequenos-gigantes","13":"tag-san-luis","14":"tag-seguridad","15":"tag-slp","16":"tag-soledad","17":"tag-verano"},"_links":{"self":[{"href":"https:\/\/cronicadesoledad.com\/index.php\/wp-json\/wp\/v2\/posts\/11134","targetHints":{"allow":["GET"]}}],"collection":[{"href":"https:\/\/cronicadesoledad.com\/index.php\/wp-json\/wp\/v2\/posts"}],"about":[{"href":"https:\/\/cronicadesoledad.com\/index.php\/wp-json\/wp\/v2\/types\/post"}],"author":[{"embeddable":true,"href":"https:\/\/cronicadesoledad.com\/index.php\/wp-json\/wp\/v2\/users\/2"}],"replies":[{"embeddable":true,"href":"https:\/\/cronicadesoledad.com\/index.php\/wp-json\/wp\/v2\/comments?post=11134"}],"version-history":[{"count":1,"href":"https:\/\/cronicadesoledad.com\/index.php\/wp-json\/wp\/v2\/posts\/11134\/revisions"}],"predecessor-version":[{"id":11136,"href":"https:\/\/cronicadesoledad.com\/index.php\/wp-json\/wp\/v2\/posts\/11134\/revisions\/11136"}],"wp:featuredmedia":[{"embeddable":true,"href":"https:\/\/cronicadesoledad.com\/index.php\/wp-json\/wp\/v2\/media\/11135"}],"wp:attachment":[{"href":"https:\/\/cronicadesoledad.com\/index.php\/wp-json\/wp\/v2\/media?parent=11134"}],"wp:term":[{"taxonomy":"category","embeddable":true,"href":"https:\/\/cronicadesoledad.com\/index.php\/wp-json\/wp\/v2\/categories?post=11134"},{"taxonomy":"post_tag","embeddable":true,"href":"https:\/\/cronicadesoledad.com\/index.php\/wp-json\/wp\/v2\/tags?post=11134"}],"curies":[{"name":"wp","href":"https:\/\/api.w.org\/{rel}","templated":true}]}}