{"id":11141,"date":"2024-06-23T16:02:01","date_gmt":"2024-06-23T22:02:01","guid":{"rendered":"https:\/\/cronicadesoledad.com\/?p=11141"},"modified":"2024-06-23T16:02:02","modified_gmt":"2024-06-23T22:02:02","slug":"exito-en-el-evento-de-adopcion-de-mascotas","status":"publish","type":"post","link":"https:\/\/cronicadesoledad.com\/index.php\/2024\/06\/23\/exito-en-el-evento-de-adopcion-de-mascotas\/","title":{"rendered":"\u00c9xito en el evento de adopci\u00f3n de mascotas"},"content":{"rendered":"\n<p>Este domingo, el Ayuntamiento de Soledad de Graciano S\u00e1nchez, a trav\u00e9s de la Direcci\u00f3n de Ecolog\u00eda municipal y bajo la liderazgo de Alejandra Malpicar, rescatista y embajadora por la Dignidad Animal, organiz\u00f3 un evento de adopci\u00f3n de mascotas con gran \u00e9xito y participaci\u00f3n comunitaria.<\/p>\n\n\n\n<p>Durante la jornada, se logr\u00f3 la adopci\u00f3n de 30 perros y gatos rescatados de situaciones de maltrato y abandono. Cada animal fue esterilizado, vacunado y desparasitado previamente, garantizando su salud y bienestar antes de ser entregados a sus nuevos hogares.<\/p>\n\n\n\n<p>Los interesados en adoptar tuvieron que presentar una copia de su INE, llenar un formato de adopci\u00f3n y firmar un compromiso de cuidados, asegurando as\u00ed que las mascotas sean integradas en un entorno seguro y responsable.<\/p>\n\n\n\n<p>Martha Luc\u00eda, de la colonia Textil, comparti\u00f3 sus motivos para adoptar: &#8220;Para darle un hogar, aparte me gustan los gatos, es el primero que vengo a adoptar, y a la gente que los maltrata pues les dir\u00eda que si no los van a cuidar mejor que no se los lleven porque les llama la atenci\u00f3n cuando est\u00e1n chiquitos, pero cuando est\u00e1n grandes los dejan.&#8221;<\/p>\n\n\n\n<p>A pesar de las m\u00faltiples adopciones exitosas durante la ma\u00f1ana, varios perros como Peluch\u00edn, Homero, Gomita y Negrita, a\u00fan esperan encontrar una familia amorosa que los adopte.<\/p>\n\n\n\n<p>Seg\u00fan Alejandra Malpicar, la Direcci\u00f3n de Ecolog\u00eda de Soledad de Graciano S\u00e1nchez ha desempe\u00f1ado un papel fundamental en la atenci\u00f3n de casos de maltrato animal, coordin\u00e1ndose eficazmente con las autoridades para rescatar animales en cualquier momento del d\u00eda.<\/p>\n\n\n\n<p>Adem\u00e1s de las adopciones, el evento recibi\u00f3 el apoyo de la comunidad, que don\u00f3 alimentos para los animales que permanecen en hogares temporales.<\/p>\n","protected":false},"excerpt":{"rendered":"<p>Este domingo, el Ayuntamiento de Soledad de Graciano S\u00e1nchez, a trav\u00e9s de la Direcci\u00f3n de Ecolog\u00eda municipal y bajo la liderazgo de Alejandra Malpicar, rescatista y embajadora por la Dignidad Animal, organiz\u00f3 un evento de adopci\u00f3n de mascotas con gran \u00e9xito y participaci\u00f3n comunitaria. Durante la jornada, se logr\u00f3 la adopci\u00f3n de 30 perros y [&hellip;]<\/p>\n","protected":false},"author":2,"featured_media":11142,"comment_status":"open","ping_status":"open","sticky":false,"template":"","format":"standard","meta":{"footnotes":""},"categories":[1,24],"tags":[2369,2368,2367,2047,1725,1407],"class_list":{"0":"post-11141","1":"post","2":"type-post","3":"status-publish","4":"format-standard","5":"has-post-thumbnail","7":"category-destacadas","8":"category-informacion-general","9":"tag-animales","10":"tag-ayuntamiento","11":"tag-evrnto-de-adopcion","12":"tag-gatos","13":"tag-mascotas","14":"tag-perros"},"_links":{"self":[{"href":"https:\/\/cronicadesoledad.com\/index.php\/wp-json\/wp\/v2\/posts\/11141","targetHints":{"allow":["GET"]}}],"collection":[{"href":"https:\/\/cronicadesoledad.com\/index.php\/wp-json\/wp\/v2\/posts"}],"about":[{"href":"https:\/\/cronicadesoledad.com\/index.php\/wp-json\/wp\/v2\/types\/post"}],"author":[{"embeddable":true,"href":"https:\/\/cronicadesoledad.com\/index.php\/wp-json\/wp\/v2\/users\/2"}],"replies":[{"embeddable":true,"href":"https:\/\/cronicadesoledad.com\/index.php\/wp-json\/wp\/v2\/comments?post=11141"}],"version-history":[{"count":1,"href":"https:\/\/cronicadesoledad.com\/index.php\/wp-json\/wp\/v2\/posts\/11141\/revisions"}],"predecessor-version":[{"id":11143,"href":"https:\/\/cronicadesoledad.com\/index.php\/wp-json\/wp\/v2\/posts\/11141\/revisions\/11143"}],"wp:featuredmedia":[{"embeddable":true,"href":"https:\/\/cronicadesoledad.com\/index.php\/wp-json\/wp\/v2\/media\/11142"}],"wp:attachment":[{"href":"https:\/\/cronicadesoledad.com\/index.php\/wp-json\/wp\/v2\/media?parent=11141"}],"wp:term":[{"taxonomy":"category","embeddable":true,"href":"https:\/\/cronicadesoledad.com\/index.php\/wp-json\/wp\/v2\/categories?post=11141"},{"taxonomy":"post_tag","embeddable":true,"href":"https:\/\/cronicadesoledad.com\/index.php\/wp-json\/wp\/v2\/tags?post=11141"}],"curies":[{"name":"wp","href":"https:\/\/api.w.org\/{rel}","templated":true}]}}