{"id":11188,"date":"2024-06-25T17:35:32","date_gmt":"2024-06-25T23:35:32","guid":{"rendered":"https:\/\/cronicadesoledad.com\/?p=11188"},"modified":"2024-06-25T17:52:14","modified_gmt":"2024-06-25T23:52:14","slug":"dispositivo-de-vigilancia-en-escuelas-de-soledad-para-temporada-vacacional","status":"publish","type":"post","link":"https:\/\/cronicadesoledad.com\/index.php\/2024\/06\/25\/dispositivo-de-vigilancia-en-escuelas-de-soledad-para-temporada-vacacional\/","title":{"rendered":"Dispositivo de vigilancia en escuelas de Soledad para temporada vacacional"},"content":{"rendered":"\n<p>Con el objetivo de garantizar la seguridad en las instituciones educativas durante el periodo vacacional de verano, el Ayuntamiento de Soledad de Graciano S\u00e1nchez, a trav\u00e9s de la Direcci\u00f3n de Educaci\u00f3n y Acci\u00f3n C\u00edvica y en colaboraci\u00f3n con Seguridad P\u00fablica Municipal, ha puesto en marcha un programa integral de monitoreo y vigilancia.<\/p>\n\n\n\n<p>Jos\u00e9 Juan Castro Castillo, director de Educaci\u00f3n y Acci\u00f3n C\u00edvica Municipal, explic\u00f3 que se ha dise\u00f1ado un operativo conjunto con la Direcci\u00f3n de Seguridad P\u00fablica Municipal (DGSPM) y la Guardia Civil Estatal. Este operativo desplegar\u00e1 unidades itinerantes para fortalecer la seguridad en colonias como Nueva Foresta, San Lorenzo, Praderas del Maurel, Azaleas y Hogares Ferrocarrileros Segunda Secci\u00f3n, entre otras, con el objetivo de prevenir actos vand\u00e1licos en los planteles educativos.<\/p>\n\n\n\n<p>Adem\u00e1s, se aprovechar\u00e1 la colaboraci\u00f3n con el programa Operativo K9 de elementos estatales, que emplea perros polic\u00edas para incrementar la vigilancia. Este enfoque ha demostrado ser altamente efectivo en periodos vacacionales anteriores, logrando reducir significativamente las incidencias delictivas en las escuelas.<\/p>\n\n\n\n<p>Castro Castillo tambi\u00e9n hizo un llamado a los directores escolares para que refuercen las medidas de seguridad, especialmente en el resguardo de equipos electr\u00f3nicos como computadoras, impresoras y proyectores durante las vacaciones, minimizando as\u00ed el riesgo de robos.<\/p>\n\n\n\n<p>El funcionario municipal destac\u00f3 la importancia de la participaci\u00f3n activa de la comunidad educativa, las Juntas de Mejoras y los vecinos, inst\u00e1ndolos a reportar cualquier actividad sospechosa a las autoridades de seguridad para una respuesta inmediata y efectiva.<\/p>\n","protected":false},"excerpt":{"rendered":"<p>Con el objetivo de garantizar la seguridad en las instituciones educativas durante el periodo vacacional de verano, el Ayuntamiento de Soledad de Graciano S\u00e1nchez, a trav\u00e9s de la Direcci\u00f3n de Educaci\u00f3n y Acci\u00f3n C\u00edvica y en colaboraci\u00f3n con Seguridad P\u00fablica Municipal, ha puesto en marcha un programa integral de monitoreo y vigilancia. Jos\u00e9 Juan Castro [&hellip;]<\/p>\n","protected":false},"author":2,"featured_media":11189,"comment_status":"open","ping_status":"open","sticky":false,"template":"","format":"standard","meta":{"footnotes":""},"categories":[1,24,21],"tags":[2392,565,276,261,27,1977,447],"class_list":{"0":"post-11188","1":"post","2":"type-post","3":"status-publish","4":"format-standard","5":"has-post-thumbnail","7":"category-destacadas","8":"category-informacion-general","9":"category-tu-soledad","10":"tag-dgspm","11":"tag-escuelas","12":"tag-seguridad","13":"tag-slp","14":"tag-soledad","15":"tag-vacaciones","16":"tag-vigilancia"},"_links":{"self":[{"href":"https:\/\/cronicadesoledad.com\/index.php\/wp-json\/wp\/v2\/posts\/11188","targetHints":{"allow":["GET"]}}],"collection":[{"href":"https:\/\/cronicadesoledad.com\/index.php\/wp-json\/wp\/v2\/posts"}],"about":[{"href":"https:\/\/cronicadesoledad.com\/index.php\/wp-json\/wp\/v2\/types\/post"}],"author":[{"embeddable":true,"href":"https:\/\/cronicadesoledad.com\/index.php\/wp-json\/wp\/v2\/users\/2"}],"replies":[{"embeddable":true,"href":"https:\/\/cronicadesoledad.com\/index.php\/wp-json\/wp\/v2\/comments?post=11188"}],"version-history":[{"count":1,"href":"https:\/\/cronicadesoledad.com\/index.php\/wp-json\/wp\/v2\/posts\/11188\/revisions"}],"predecessor-version":[{"id":11190,"href":"https:\/\/cronicadesoledad.com\/index.php\/wp-json\/wp\/v2\/posts\/11188\/revisions\/11190"}],"wp:featuredmedia":[{"embeddable":true,"href":"https:\/\/cronicadesoledad.com\/index.php\/wp-json\/wp\/v2\/media\/11189"}],"wp:attachment":[{"href":"https:\/\/cronicadesoledad.com\/index.php\/wp-json\/wp\/v2\/media?parent=11188"}],"wp:term":[{"taxonomy":"category","embeddable":true,"href":"https:\/\/cronicadesoledad.com\/index.php\/wp-json\/wp\/v2\/categories?post=11188"},{"taxonomy":"post_tag","embeddable":true,"href":"https:\/\/cronicadesoledad.com\/index.php\/wp-json\/wp\/v2\/tags?post=11188"}],"curies":[{"name":"wp","href":"https:\/\/api.w.org\/{rel}","templated":true}]}}