{"id":11194,"date":"2024-06-26T12:16:45","date_gmt":"2024-06-26T18:16:45","guid":{"rendered":"https:\/\/cronicadesoledad.com\/?p=11194"},"modified":"2024-06-26T12:16:45","modified_gmt":"2024-06-26T18:16:45","slug":"sin-mayores-afectaciones-en-soledad-durante-lluvias","status":"publish","type":"post","link":"https:\/\/cronicadesoledad.com\/index.php\/2024\/06\/26\/sin-mayores-afectaciones-en-soledad-durante-lluvias\/","title":{"rendered":"Sin mayores afectaciones en Soledad durante lluvias"},"content":{"rendered":"\n<p>Durante los \u00faltimos d\u00edas, Soledad de Graciano S\u00e1nchez enfrent\u00f3 intensas lluvias que, aunque significativas, fueron gestionadas eficazmente gracias a una coordinaci\u00f3n anticipada entre autoridades municipales y estatales.<\/p>\n\n\n\n<p>El Secretario General del Ayuntamiento, Benjam\u00edn P\u00e9rez \u00c1lvarez, inform\u00f3 que la planificaci\u00f3n previa y la respuesta r\u00e1pida permitieron mitigar los efectos adversos. &#8220;Nos anticipamos al fen\u00f3meno climatol\u00f3gico y trabajamos conjuntamente con Protecci\u00f3n Civil, Ecolog\u00eda y otras dependencias estatales y municipales para minimizar las consecuencias&#8221;, destac\u00f3 P\u00e9rez \u00c1lvarez.<\/p>\n\n\n\n<p>A pesar de las condiciones desafiantes, las autoridades lograron mantener controlados los principales problemas, aunque reconocieron que \u00e1reas como Quintas Privadas, San Luis, 29 de Marzo y San Lorenzo experimentaron obstrucciones en el drenaje debido a acumulaciones de lodo.<\/p>\n\n\n\n<p>&#8220;Observamos una falta de mantenimiento en las redes de agua y drenaje que complic\u00f3 la situaci\u00f3n en ciertas zonas. Esto subraya la necesidad urgente de un mantenimiento preventivo constante por parte de Interapas y otras entidades responsables,&#8221; agreg\u00f3 el Secretario General.<\/p>\n\n\n\n<p>Actualmente, el municipio se encuentra en estado de monitoreo continuo de las \u00e1reas vulnerables para evitar posibles inundaciones y asegurar la seguridad de los ciudadanos. &#8220;Seguimos enfocados en la limpieza y asistencia, sin reportes significativos de da\u00f1os en hogares gracias a la pronta respuesta de las autoridades,&#8221; afirm\u00f3 P\u00e9rez \u00c1lvarez.<\/p>\n","protected":false},"excerpt":{"rendered":"<p>Durante los \u00faltimos d\u00edas, Soledad de Graciano S\u00e1nchez enfrent\u00f3 intensas lluvias que, aunque significativas, fueron gestionadas eficazmente gracias a una coordinaci\u00f3n anticipada entre autoridades municipales y estatales. El Secretario General del Ayuntamiento, Benjam\u00edn P\u00e9rez \u00c1lvarez, inform\u00f3 que la planificaci\u00f3n previa y la respuesta r\u00e1pida permitieron mitigar los efectos adversos. &#8220;Nos anticipamos al fen\u00f3meno climatol\u00f3gico y [&hellip;]<\/p>\n","protected":false},"author":2,"featured_media":11195,"comment_status":"open","ping_status":"open","sticky":false,"template":"","format":"standard","meta":{"footnotes":""},"categories":[1,24],"tags":[2398,2368,785,346,261,27],"class_list":{"0":"post-11194","1":"post","2":"type-post","3":"status-publish","4":"format-standard","5":"has-post-thumbnail","7":"category-destacadas","8":"category-informacion-general","9":"tag-afectaciones","10":"tag-ayuntamiento","11":"tag-inundaciones","12":"tag-lluvias","13":"tag-slp","14":"tag-soledad"},"_links":{"self":[{"href":"https:\/\/cronicadesoledad.com\/index.php\/wp-json\/wp\/v2\/posts\/11194","targetHints":{"allow":["GET"]}}],"collection":[{"href":"https:\/\/cronicadesoledad.com\/index.php\/wp-json\/wp\/v2\/posts"}],"about":[{"href":"https:\/\/cronicadesoledad.com\/index.php\/wp-json\/wp\/v2\/types\/post"}],"author":[{"embeddable":true,"href":"https:\/\/cronicadesoledad.com\/index.php\/wp-json\/wp\/v2\/users\/2"}],"replies":[{"embeddable":true,"href":"https:\/\/cronicadesoledad.com\/index.php\/wp-json\/wp\/v2\/comments?post=11194"}],"version-history":[{"count":1,"href":"https:\/\/cronicadesoledad.com\/index.php\/wp-json\/wp\/v2\/posts\/11194\/revisions"}],"predecessor-version":[{"id":11196,"href":"https:\/\/cronicadesoledad.com\/index.php\/wp-json\/wp\/v2\/posts\/11194\/revisions\/11196"}],"wp:featuredmedia":[{"embeddable":true,"href":"https:\/\/cronicadesoledad.com\/index.php\/wp-json\/wp\/v2\/media\/11195"}],"wp:attachment":[{"href":"https:\/\/cronicadesoledad.com\/index.php\/wp-json\/wp\/v2\/media?parent=11194"}],"wp:term":[{"taxonomy":"category","embeddable":true,"href":"https:\/\/cronicadesoledad.com\/index.php\/wp-json\/wp\/v2\/categories?post=11194"},{"taxonomy":"post_tag","embeddable":true,"href":"https:\/\/cronicadesoledad.com\/index.php\/wp-json\/wp\/v2\/tags?post=11194"}],"curies":[{"name":"wp","href":"https:\/\/api.w.org\/{rel}","templated":true}]}}