{"id":11203,"date":"2024-06-26T22:00:00","date_gmt":"2024-06-27T04:00:00","guid":{"rendered":"https:\/\/cronicadesoledad.com\/?p=11203"},"modified":"2024-06-26T19:03:47","modified_gmt":"2024-06-27T01:03:47","slug":"bibliotecas-ampliaran-lectura-y-educacion-cultural-en-campamento-de-verano","status":"publish","type":"post","link":"https:\/\/cronicadesoledad.com\/index.php\/2024\/06\/26\/bibliotecas-ampliaran-lectura-y-educacion-cultural-en-campamento-de-verano\/","title":{"rendered":"Bibliotecas ampliar\u00e1n lectura y educaci\u00f3n cultural en campamento de verano"},"content":{"rendered":"\n<p>Con la finalidad de fomentar el gusto y el h\u00e1bito de la lectura en las y los ni\u00f1os, el Ayuntamiento de Soledad de Graciano S\u00e1nchez, a trav\u00e9s de la Coordinaci\u00f3n de Bibliotecas Municipales, proyectar\u00e1 videos de lecturas mediante el uso de las redes sociales a las y los ni\u00f1os participantes del campamento de verano de esta dependencia.<\/p>\n\n\n\n<p>La encargada de esta \u00e1rea, Mar\u00eda Guadalupe Cortes Segura, detall\u00f3 que adicional a las actividades planteadas para el Campamento de verano de este a\u00f1o, se agregar\u00e1n actividades educativas como la presentaci\u00f3n especial de audiolibros de leyendas soledenses, narrados por la estudiante de la Escuela Nacional de Biblioteconom\u00eda y Archivonom\u00eda, Karla Isehemm Idrogo Quiroz, como parte de su proyecto de tesis, con lo que las y los ni\u00f1os participantes tendr\u00e1n una herramienta educativa para explorar la rica historia y cultura de Soledad.<\/p>\n\n\n\n<p>El programa incluir\u00e1 tambi\u00e9n talleres interactivos sobre aire, espacio y radio, dise\u00f1ados para fomentar la creatividad y el aprendizaje pr\u00e1ctico entre las y los menores; adem\u00e1s entre las actividades adicionales, se realizar\u00e1n visitas educativas al Museo del Ferrocarril y al Museo de la M\u00e1scara, as\u00ed como excursiones a los Parques Tangamanga 1 y 2.<\/p>\n\n\n\n<p>Adem\u00e1s de las actividades recreativas, las y los participantes tendr\u00e1n la oportunidad de aprender sobre temas fundamentales como el cuidado del agua, con la presencia de la Comisi\u00f3n Estatal del Agua (CEA) en las bibliotecas, quienes impartir\u00e1n charlas educativas sobre el uso responsable de este recurso vital.<\/p>\n\n\n\n<p>Las actividades del campamento son gratuitas y se llevar\u00e1n a cabo en varias bibliotecas: la Biblioteca Municipal \u201cEulalio Cervantes Galarza \u2018El Sax\u2019\u201d, en la colonia San Felipe; la Biblioteca Municipal \u201cJos\u00e9 de G\u00e1lvez\u201d, en la colonia San Luis; la Biblioteca Municipal \u201cGraciano S\u00e1nchez\u201d, en la Unidad Ponciano Arriaga; y la Biblioteca \u201cProfr. Enrique Almaz\u00e1n Nieto\u201d, en el Centro de Soledad. Hasta ahora, hay unos 55 participantes registrados en la Biblioteca Enrique Almaz\u00e1n Nieto, mientras que las inscripciones en otras ubicaciones siguen abiertas, sujeto a disponibilidad de espacio.<\/p>\n","protected":false},"excerpt":{"rendered":"<p>Con la finalidad de fomentar el gusto y el h\u00e1bito de la lectura en las y los ni\u00f1os, el Ayuntamiento de Soledad de Graciano S\u00e1nchez, a trav\u00e9s de la Coordinaci\u00f3n de Bibliotecas Municipales, proyectar\u00e1 videos de lecturas mediante el uso de las redes sociales a las y los ni\u00f1os participantes del campamento de verano de [&hellip;]<\/p>\n","protected":false},"author":2,"featured_media":11204,"comment_status":"open","ping_status":"open","sticky":false,"template":"","format":"standard","meta":{"footnotes":""},"categories":[24,21],"tags":[223,430,1889,2185,2187,1888,1130,2405,294,261,27,2182],"class_list":{"0":"post-11203","1":"post","2":"type-post","3":"status-publish","4":"format-standard","5":"has-post-thumbnail","7":"category-informacion-general","8":"category-tu-soledad","9":"tag-ayuntamiento-soledense","10":"tag-bibliotecas","11":"tag-bibliotecas-municipales","12":"tag-campamento","13":"tag-campamento-de-verano","14":"tag-educacion-2","15":"tag-lectura","16":"tag-municipales","17":"tag-san-luis","18":"tag-slp","19":"tag-soledad","20":"tag-verano"},"_links":{"self":[{"href":"https:\/\/cronicadesoledad.com\/index.php\/wp-json\/wp\/v2\/posts\/11203","targetHints":{"allow":["GET"]}}],"collection":[{"href":"https:\/\/cronicadesoledad.com\/index.php\/wp-json\/wp\/v2\/posts"}],"about":[{"href":"https:\/\/cronicadesoledad.com\/index.php\/wp-json\/wp\/v2\/types\/post"}],"author":[{"embeddable":true,"href":"https:\/\/cronicadesoledad.com\/index.php\/wp-json\/wp\/v2\/users\/2"}],"replies":[{"embeddable":true,"href":"https:\/\/cronicadesoledad.com\/index.php\/wp-json\/wp\/v2\/comments?post=11203"}],"version-history":[{"count":1,"href":"https:\/\/cronicadesoledad.com\/index.php\/wp-json\/wp\/v2\/posts\/11203\/revisions"}],"predecessor-version":[{"id":11205,"href":"https:\/\/cronicadesoledad.com\/index.php\/wp-json\/wp\/v2\/posts\/11203\/revisions\/11205"}],"wp:featuredmedia":[{"embeddable":true,"href":"https:\/\/cronicadesoledad.com\/index.php\/wp-json\/wp\/v2\/media\/11204"}],"wp:attachment":[{"href":"https:\/\/cronicadesoledad.com\/index.php\/wp-json\/wp\/v2\/media?parent=11203"}],"wp:term":[{"taxonomy":"category","embeddable":true,"href":"https:\/\/cronicadesoledad.com\/index.php\/wp-json\/wp\/v2\/categories?post=11203"},{"taxonomy":"post_tag","embeddable":true,"href":"https:\/\/cronicadesoledad.com\/index.php\/wp-json\/wp\/v2\/tags?post=11203"}],"curies":[{"name":"wp","href":"https:\/\/api.w.org\/{rel}","templated":true}]}}