{"id":11209,"date":"2024-06-27T13:45:29","date_gmt":"2024-06-27T19:45:29","guid":{"rendered":"https:\/\/cronicadesoledad.com\/?p=11209"},"modified":"2024-06-27T13:45:29","modified_gmt":"2024-06-27T19:45:29","slug":"clausura-de-escuela-segura","status":"publish","type":"post","link":"https:\/\/cronicadesoledad.com\/index.php\/2024\/06\/27\/clausura-de-escuela-segura\/","title":{"rendered":"Clausura de &#8220;Escuela Segura&#8221;"},"content":{"rendered":"\n<p>En un acto significativo en el Auditorio de la Presidencia Municipal de Soledad de Graciano S\u00e1nchez e llev\u00f3 a cabo la clausura oficial del programa escolar &#8220;Escuela Segura&#8221;. Este programa, concebido para salvaguardar los bienes inmuebles de las instituciones educativas y asegurar un entorno propicio para el aprendizaje seguro, ha dejado una huella profunda en la comunidad educativa local.<\/p>\n\n\n\n<p>El evento cont\u00f3 con la presencia destacada del Ayuntamiento de Soledad de Graciano S\u00e1nchez y la Direcci\u00f3n de Educaci\u00f3n Municipal, quienes destacaron los logros alcanzados durante la implementaci\u00f3n de &#8220;Escuela Segura&#8221;. Seg\u00fan las cifras presentadas por Juan Castro Castillo, titular de la dependencia educativa, el programa benefici\u00f3 a un total de 49 escuelas, abarcando a 13,465 estudiantes de nivel medio superior y superior, as\u00ed como a 10,963 ni\u00f1os y ni\u00f1as de educaci\u00f3n b\u00e1sica. Adem\u00e1s, participaron activamente 1,620 padres de familia y 115 administrativos, beneficiando directamente a m\u00e1s de 28,000 personas en la comunidad.<\/p>\n\n\n\n<p>El objetivo principal de &#8220;Escuela Segura&#8221; fue crear un entorno seguro que promoviera el desarrollo acad\u00e9mico y personal de los estudiantes, minimizando riesgos de incidentes delictivos dentro de las instalaciones escolares. Con la culminaci\u00f3n de este programa, se ha anunciado el inicio de una fase de monitoreo continuo durante los per\u00edodos vacacionales para mantener la seguridad y prevenir cualquier tipo de delito en las escuelas.<\/p>\n\n\n\n<p>Durante la ejecuci\u00f3n del programa, se identificaron \u00e1reas espec\u00edficas que requer\u00edan atenci\u00f3n especial debido a las preocupaciones expresadas por los padres de familia. Por ejemplo, durante las vacaciones de diciembre se implementaron medidas preventivas que resultaron en una notable reducci\u00f3n de incidentes delictivos, destacando \u00e1reas como Foresta y Hogares Ferrocarrileros como zonas prioritarias para la vigilancia continua.<\/p>\n\n\n\n<p>Juan Castro Castillo expres\u00f3 su reconocimiento hacia la colaboraci\u00f3n indispensable de la Seguridad P\u00fablica Municipal, cuyo apoyo fue fundamental para el \u00e9xito de &#8220;Escuela Segura&#8221;.<\/p>\n\n\n\n<p>&#8220;Gracias al compromiso y trabajo conjunto con la Seguridad P\u00fablica Municipal, hemos logrado fortalecer la seguridad en las escuelas, proporcionando un entorno m\u00e1s seguro para nuestros estudiantes y personal educativo&#8221;, afirm\u00f3.<\/p>\n","protected":false},"excerpt":{"rendered":"<p>En un acto significativo en el Auditorio de la Presidencia Municipal de Soledad de Graciano S\u00e1nchez e llev\u00f3 a cabo la clausura oficial del programa escolar &#8220;Escuela Segura&#8221;. Este programa, concebido para salvaguardar los bienes inmuebles de las instituciones educativas y asegurar un entorno propicio para el aprendizaje seguro, ha dejado una huella profunda en [&hellip;]<\/p>\n","protected":false},"author":2,"featured_media":11210,"comment_status":"open","ping_status":"open","sticky":false,"template":"","format":"standard","meta":{"footnotes":""},"categories":[1,24],"tags":[223,253,256,1234,294,276,27],"class_list":{"0":"post-11209","1":"post","2":"type-post","3":"status-publish","4":"format-standard","5":"has-post-thumbnail","7":"category-destacadas","8":"category-informacion-general","9":"tag-ayuntamiento-soledense","10":"tag-escuela-segura","11":"tag-estudiantes","12":"tag-programa","13":"tag-san-luis","14":"tag-seguridad","15":"tag-soledad"},"_links":{"self":[{"href":"https:\/\/cronicadesoledad.com\/index.php\/wp-json\/wp\/v2\/posts\/11209","targetHints":{"allow":["GET"]}}],"collection":[{"href":"https:\/\/cronicadesoledad.com\/index.php\/wp-json\/wp\/v2\/posts"}],"about":[{"href":"https:\/\/cronicadesoledad.com\/index.php\/wp-json\/wp\/v2\/types\/post"}],"author":[{"embeddable":true,"href":"https:\/\/cronicadesoledad.com\/index.php\/wp-json\/wp\/v2\/users\/2"}],"replies":[{"embeddable":true,"href":"https:\/\/cronicadesoledad.com\/index.php\/wp-json\/wp\/v2\/comments?post=11209"}],"version-history":[{"count":1,"href":"https:\/\/cronicadesoledad.com\/index.php\/wp-json\/wp\/v2\/posts\/11209\/revisions"}],"predecessor-version":[{"id":11211,"href":"https:\/\/cronicadesoledad.com\/index.php\/wp-json\/wp\/v2\/posts\/11209\/revisions\/11211"}],"wp:featuredmedia":[{"embeddable":true,"href":"https:\/\/cronicadesoledad.com\/index.php\/wp-json\/wp\/v2\/media\/11210"}],"wp:attachment":[{"href":"https:\/\/cronicadesoledad.com\/index.php\/wp-json\/wp\/v2\/media?parent=11209"}],"wp:term":[{"taxonomy":"category","embeddable":true,"href":"https:\/\/cronicadesoledad.com\/index.php\/wp-json\/wp\/v2\/categories?post=11209"},{"taxonomy":"post_tag","embeddable":true,"href":"https:\/\/cronicadesoledad.com\/index.php\/wp-json\/wp\/v2\/tags?post=11209"}],"curies":[{"name":"wp","href":"https:\/\/api.w.org\/{rel}","templated":true}]}}