{"id":11219,"date":"2024-06-27T21:00:00","date_gmt":"2024-06-28T03:00:00","guid":{"rendered":"https:\/\/cronicadesoledad.com\/?p=11219"},"modified":"2024-06-27T17:52:53","modified_gmt":"2024-06-27T23:52:53","slug":"con-mercaditos-destacan-respaldo-al-emprendimiento","status":"publish","type":"post","link":"https:\/\/cronicadesoledad.com\/index.php\/2024\/06\/27\/con-mercaditos-destacan-respaldo-al-emprendimiento\/","title":{"rendered":"Con mercaditos, destacan respaldo al emprendimiento"},"content":{"rendered":"\n<p>En el marco del d\u00eda de las y los emprendedores que se celebra cada 27 de junio, y con la finalidad de proporcionar un espacio id\u00f3neo para que las y los comerciantes soledenses puedan comercializar sus productos y servicios, el Ayuntamiento de Soledad de Graciano S\u00e1nchez organiz\u00f3 una nueva edici\u00f3n del Mercadito de Emprendedores, que se llevar\u00e1 a cabo este fin de semana, s\u00e1bado 28 y domingo 29, en la Plaza principal.<\/p>\n\n\n\n<p>El director de Desarrollo Econ\u00f3mico, F\u00e9lix Herrera Ortega detall\u00f3 que este evento que busca fomentar el desarrollo econ\u00f3mico municipal contar\u00e1 con la participaci\u00f3n de aproximadamente 100 expositores de la zona metropolitana y se llevar\u00e1 a cabo este s\u00e1bado y domingo, en el Jard\u00edn Principal de Soledad, en un horario de 10:00 a 22:00 horas.<\/p>\n\n\n\n<p>&#8220;Nuestra obligaci\u00f3n es seguir proporcionando las condiciones id\u00f3neas para que todos los emprendedores se formalicen, establezcan sus instalaciones de manera formal y tengan las mejores condiciones para comercializar los productos que ellos mismos elaboran&#8221;, destac\u00f3. En este Mercadito se ofrecer\u00e1 una amplia variedad de productos, incluyendo comida, postres, art\u00edculos para el hogar y productos de jardiner\u00eda, entre otros.<\/p>\n\n\n\n<p>Cabe destacar que tras las ediciones anteriores se han registrado m\u00e1s de 20 casos de \u00e9xito gracias a estas plataformas de comercializaci\u00f3n, que contribuyen a la formalizaci\u00f3n y crecimiento de los negocios locales. A lo largo de los tres a\u00f1os de administraci\u00f3n, se contabilizan m\u00e1s de 2 mil comerciantes beneficiados, logrando la formalizaci\u00f3n de alrededor de 150, quienes incluso han podido acceder a financiamientos.<\/p>\n\n\n\n<p>El funcionario adelant\u00f3 que este evento es s\u00f3lo el comienzo de una serie de iniciativas que buscar\u00e1n impulsar el intercambio comercial entre Soledad y la capital de San Luis Potos\u00ed, con lo que se espera una participaci\u00f3n a\u00fan mayor de emprendedores, lo que permitir\u00e1 un mayor intercambio de productos y la creaci\u00f3n de redes de negocios entre ambos municipios.<\/p>\n","protected":false},"excerpt":{"rendered":"<p>En el marco del d\u00eda de las y los emprendedores que se celebra cada 27 de junio, y con la finalidad de proporcionar un espacio id\u00f3neo para que las y los comerciantes soledenses puedan comercializar sus productos y servicios, el Ayuntamiento de Soledad de Graciano S\u00e1nchez organiz\u00f3 una nueva edici\u00f3n del Mercadito de Emprendedores, que [&hellip;]<\/p>\n","protected":false},"author":2,"featured_media":11220,"comment_status":"open","ping_status":"open","sticky":false,"template":"","format":"standard","meta":{"footnotes":""},"categories":[24,21],"tags":[81,223,1974,2410,294,261,27],"class_list":{"0":"post-11219","1":"post","2":"type-post","3":"status-publish","4":"format-standard","5":"has-post-thumbnail","7":"category-informacion-general","8":"category-tu-soledad","9":"tag-alcaldesa-soledense","10":"tag-ayuntamiento-soledense","11":"tag-emprendimiento","12":"tag-mercaditos","13":"tag-san-luis","14":"tag-slp","15":"tag-soledad"},"_links":{"self":[{"href":"https:\/\/cronicadesoledad.com\/index.php\/wp-json\/wp\/v2\/posts\/11219","targetHints":{"allow":["GET"]}}],"collection":[{"href":"https:\/\/cronicadesoledad.com\/index.php\/wp-json\/wp\/v2\/posts"}],"about":[{"href":"https:\/\/cronicadesoledad.com\/index.php\/wp-json\/wp\/v2\/types\/post"}],"author":[{"embeddable":true,"href":"https:\/\/cronicadesoledad.com\/index.php\/wp-json\/wp\/v2\/users\/2"}],"replies":[{"embeddable":true,"href":"https:\/\/cronicadesoledad.com\/index.php\/wp-json\/wp\/v2\/comments?post=11219"}],"version-history":[{"count":1,"href":"https:\/\/cronicadesoledad.com\/index.php\/wp-json\/wp\/v2\/posts\/11219\/revisions"}],"predecessor-version":[{"id":11221,"href":"https:\/\/cronicadesoledad.com\/index.php\/wp-json\/wp\/v2\/posts\/11219\/revisions\/11221"}],"wp:featuredmedia":[{"embeddable":true,"href":"https:\/\/cronicadesoledad.com\/index.php\/wp-json\/wp\/v2\/media\/11220"}],"wp:attachment":[{"href":"https:\/\/cronicadesoledad.com\/index.php\/wp-json\/wp\/v2\/media?parent=11219"}],"wp:term":[{"taxonomy":"category","embeddable":true,"href":"https:\/\/cronicadesoledad.com\/index.php\/wp-json\/wp\/v2\/categories?post=11219"},{"taxonomy":"post_tag","embeddable":true,"href":"https:\/\/cronicadesoledad.com\/index.php\/wp-json\/wp\/v2\/tags?post=11219"}],"curies":[{"name":"wp","href":"https:\/\/api.w.org\/{rel}","templated":true}]}}