{"id":11222,"date":"2024-06-28T12:36:10","date_gmt":"2024-06-28T18:36:10","guid":{"rendered":"https:\/\/cronicadesoledad.com\/?p=11222"},"modified":"2024-06-28T12:36:10","modified_gmt":"2024-06-28T18:36:10","slug":"celebracion-del-dia-del-orgullo-lgbt-en-soledad","status":"publish","type":"post","link":"https:\/\/cronicadesoledad.com\/index.php\/2024\/06\/28\/celebracion-del-dia-del-orgullo-lgbt-en-soledad\/","title":{"rendered":"Celebraci\u00f3n del d\u00eda del orgullo LGBT en Soledad"},"content":{"rendered":"\n<p>En preparaci\u00f3n para el D\u00eda del Orgullo LGBT, el Instituto de la Juventud de Soledad de Graciano S\u00e1nchez, bajo la direcci\u00f3n de Gerardo Sosa y por indicaciones de la presidenta municipal, ha organizado una serie de eventos destinados a celebrar la diversidad y promover la inclusi\u00f3n.<\/p>\n\n\n\n<p>Las festividades iniciar\u00e1n el 4 de julio con la coronaci\u00f3n de la reina del evento, seguida de una conferencia de prensa para presentar oficialmente a la reina y promover la marcha programada para el 13 de julio en la calle Hidalgo.<\/p>\n\n\n\n<p>Adem\u00e1s de estos eventos centrales, se llevar\u00e1 a cabo una campa\u00f1a de recolecci\u00f3n de v\u00edveres en beneficio de la Casa Hogar Orqu\u00eddea, dedicada a apoyar a miembros de la comunidad LGBT+ que enfrentan violencia y vulneraciones de derechos. El d\u00eda 12 de julio se realizar\u00e1 una pinta simb\u00f3lica con pinturas biodegradables en las principales intersecciones de la calle Hidalgo, como gesto de apoyo y respeto hacia los derechos de la comunidad.<\/p>\n\n\n\n<p>La marcha del 13 de julio partir\u00e1 desde la plaza citadina hasta la plaza principal de Soledad de Graciano S\u00e1nchez. Hasta el momento, se han registrado 14 participantes para el evento, con un premio de 5000 pesos patrocinado por el Ayuntamiento para el ganador.<\/p>\n\n\n\n<p>Estas actividades, coordinadas en colaboraci\u00f3n con diversas comunidades, tienen como objetivo principal fomentar la inclusi\u00f3n y el respeto por los derechos de la comunidad LGBT+, creando un espacio de celebraci\u00f3n y concienciaci\u00f3n en el municipio.<\/p>\n","protected":false},"excerpt":{"rendered":"<p>En preparaci\u00f3n para el D\u00eda del Orgullo LGBT, el Instituto de la Juventud de Soledad de Graciano S\u00e1nchez, bajo la direcci\u00f3n de Gerardo Sosa y por indicaciones de la presidenta municipal, ha organizado una serie de eventos destinados a celebrar la diversidad y promover la inclusi\u00f3n. Las festividades iniciar\u00e1n el 4 de julio con la [&hellip;]<\/p>\n","protected":false},"author":2,"featured_media":11223,"comment_status":"open","ping_status":"open","sticky":false,"template":"","format":"standard","meta":{"footnotes":""},"categories":[1,24],"tags":[997,936,1910,2411,261,27],"class_list":{"0":"post-11222","1":"post","2":"type-post","3":"status-publish","4":"format-standard","5":"has-post-thumbnail","7":"category-destacadas","8":"category-informacion-general","9":"tag-celebracion","10":"tag-lgbtiq","11":"tag-marcha","12":"tag-pride","13":"tag-slp","14":"tag-soledad"},"_links":{"self":[{"href":"https:\/\/cronicadesoledad.com\/index.php\/wp-json\/wp\/v2\/posts\/11222","targetHints":{"allow":["GET"]}}],"collection":[{"href":"https:\/\/cronicadesoledad.com\/index.php\/wp-json\/wp\/v2\/posts"}],"about":[{"href":"https:\/\/cronicadesoledad.com\/index.php\/wp-json\/wp\/v2\/types\/post"}],"author":[{"embeddable":true,"href":"https:\/\/cronicadesoledad.com\/index.php\/wp-json\/wp\/v2\/users\/2"}],"replies":[{"embeddable":true,"href":"https:\/\/cronicadesoledad.com\/index.php\/wp-json\/wp\/v2\/comments?post=11222"}],"version-history":[{"count":1,"href":"https:\/\/cronicadesoledad.com\/index.php\/wp-json\/wp\/v2\/posts\/11222\/revisions"}],"predecessor-version":[{"id":11224,"href":"https:\/\/cronicadesoledad.com\/index.php\/wp-json\/wp\/v2\/posts\/11222\/revisions\/11224"}],"wp:featuredmedia":[{"embeddable":true,"href":"https:\/\/cronicadesoledad.com\/index.php\/wp-json\/wp\/v2\/media\/11223"}],"wp:attachment":[{"href":"https:\/\/cronicadesoledad.com\/index.php\/wp-json\/wp\/v2\/media?parent=11222"}],"wp:term":[{"taxonomy":"category","embeddable":true,"href":"https:\/\/cronicadesoledad.com\/index.php\/wp-json\/wp\/v2\/categories?post=11222"},{"taxonomy":"post_tag","embeddable":true,"href":"https:\/\/cronicadesoledad.com\/index.php\/wp-json\/wp\/v2\/tags?post=11222"}],"curies":[{"name":"wp","href":"https:\/\/api.w.org\/{rel}","templated":true}]}}