{"id":11237,"date":"2024-06-29T19:20:19","date_gmt":"2024-06-30T01:20:19","guid":{"rendered":"https:\/\/cronicadesoledad.com\/?p=11237"},"modified":"2024-06-29T19:20:19","modified_gmt":"2024-06-30T01:20:19","slug":"implementacion-del-programa-de-vigilancia-escolar","status":"publish","type":"post","link":"https:\/\/cronicadesoledad.com\/index.php\/2024\/06\/29\/implementacion-del-programa-de-vigilancia-escolar\/","title":{"rendered":"Implementaci\u00f3n del programa de Vigilancia Escolar"},"content":{"rendered":"\n<p>Con el inicio de la temporada de verano, se ha puesto en marcha un programa integral de vigilancia escolar en colaboraci\u00f3n con autoridades educativas, asociaciones de padres de familia y vecinos, anunci\u00f3 la alcaldesa Araceli Mart\u00ednez P\u00e9rez.<\/p>\n\n\n\n<p>Durante una declaraci\u00f3n p\u00fablica, Mart\u00ednez P\u00e9rez resalt\u00f3 la efectiva coordinaci\u00f3n que ha caracterizado el resguardo de los 215 planteles educativos de nivel b\u00e1sico y medio superior en temporadas vacacionales anteriores. Este a\u00f1o, el programa se centrar\u00e1 en proporcionar vigilancia constante mediante patrullajes en todos los planteles, con especial \u00e9nfasis en aquellas zonas identificadas como prioritarias por la comunidad.<\/p>\n\n\n\n<p>&#8220;La seguridad de nuestros estudiantes es una prioridad. Este operativo se llevar\u00e1 a cabo en estrecha colaboraci\u00f3n con padres de familia, docentes y vecinos, quienes jugar\u00e1n un papel fundamental en reportar y atender r\u00e1pidamente cualquier incidente que pueda surgir&#8221;, enfatiz\u00f3 la alcaldesa.<\/p>\n\n\n\n<p>Adem\u00e1s, Mart\u00ednez P\u00e9rez destac\u00f3 la cooperaci\u00f3n continua con las autoridades estatales, incluyendo agentes de la Guardia Civil Estatal, as\u00ed como el respaldo de elementos de seguridad del gobierno federal, quienes contribuir\u00e1n al fortalecimiento de los operativos en todo el municipio.<\/p>\n\n\n\n<p>El programa, que forma parte de la iniciativa Escuela Segura, busca proteger el patrimonio e inmuebles de los centros educativos, asegurando un entorno seguro y propicio para el desarrollo educativo de la comunidad escolar.<\/p>\n\n\n\n<p>&#8220;Nuestro compromiso es garantizar la seguridad y bienestar de todos los estudiantes y personal educativo, manteniendo un entorno educativo seguro y protegido para todos&#8221;, concluy\u00f3 la alcaldesa Mart\u00ednez P\u00e9rez.<\/p>\n","protected":false},"excerpt":{"rendered":"<p>Con el inicio de la temporada de verano, se ha puesto en marcha un programa integral de vigilancia escolar en colaboraci\u00f3n con autoridades educativas, asociaciones de padres de familia y vecinos, anunci\u00f3 la alcaldesa Araceli Mart\u00ednez P\u00e9rez. Durante una declaraci\u00f3n p\u00fablica, Mart\u00ednez P\u00e9rez resalt\u00f3 la efectiva coordinaci\u00f3n que ha caracterizado el resguardo de los 215 [&hellip;]<\/p>\n","protected":false},"author":2,"featured_media":11238,"comment_status":"open","ping_status":"open","sticky":false,"template":"","format":"standard","meta":{"footnotes":""},"categories":[1,24],"tags":[256,1110,276,261,27,2417],"class_list":{"0":"post-11237","1":"post","2":"type-post","3":"status-publish","4":"format-standard","5":"has-post-thumbnail","7":"category-destacadas","8":"category-informacion-general","9":"tag-estudiantes","10":"tag-guardia-civil-estatal","11":"tag-seguridad","12":"tag-slp","13":"tag-soledad","14":"tag-vigilancia-escolar"},"_links":{"self":[{"href":"https:\/\/cronicadesoledad.com\/index.php\/wp-json\/wp\/v2\/posts\/11237","targetHints":{"allow":["GET"]}}],"collection":[{"href":"https:\/\/cronicadesoledad.com\/index.php\/wp-json\/wp\/v2\/posts"}],"about":[{"href":"https:\/\/cronicadesoledad.com\/index.php\/wp-json\/wp\/v2\/types\/post"}],"author":[{"embeddable":true,"href":"https:\/\/cronicadesoledad.com\/index.php\/wp-json\/wp\/v2\/users\/2"}],"replies":[{"embeddable":true,"href":"https:\/\/cronicadesoledad.com\/index.php\/wp-json\/wp\/v2\/comments?post=11237"}],"version-history":[{"count":1,"href":"https:\/\/cronicadesoledad.com\/index.php\/wp-json\/wp\/v2\/posts\/11237\/revisions"}],"predecessor-version":[{"id":11239,"href":"https:\/\/cronicadesoledad.com\/index.php\/wp-json\/wp\/v2\/posts\/11237\/revisions\/11239"}],"wp:featuredmedia":[{"embeddable":true,"href":"https:\/\/cronicadesoledad.com\/index.php\/wp-json\/wp\/v2\/media\/11238"}],"wp:attachment":[{"href":"https:\/\/cronicadesoledad.com\/index.php\/wp-json\/wp\/v2\/media?parent=11237"}],"wp:term":[{"taxonomy":"category","embeddable":true,"href":"https:\/\/cronicadesoledad.com\/index.php\/wp-json\/wp\/v2\/categories?post=11237"},{"taxonomy":"post_tag","embeddable":true,"href":"https:\/\/cronicadesoledad.com\/index.php\/wp-json\/wp\/v2\/tags?post=11237"}],"curies":[{"name":"wp","href":"https:\/\/api.w.org\/{rel}","templated":true}]}}