{"id":11246,"date":"2024-07-01T19:00:00","date_gmt":"2024-07-02T01:00:00","guid":{"rendered":"https:\/\/cronicadesoledad.com\/?p=11246"},"modified":"2024-07-01T19:02:11","modified_gmt":"2024-07-02T01:02:11","slug":"arranco-campamento-infantil-impulsado-por-seguridad-municipal","status":"publish","type":"post","link":"https:\/\/cronicadesoledad.com\/index.php\/2024\/07\/01\/arranco-campamento-infantil-impulsado-por-seguridad-municipal\/","title":{"rendered":"Arranc\u00f3 campamento infantil impulsado por seguridad municipal"},"content":{"rendered":"\n<p>Con un llamado a disfrutar y divertirse sanamente y aprender nuevas experiencias, este lunes, la Alcaldesa de Soledad de Graciano S\u00e1nchez, Araceli Mart\u00ednez P\u00e9rez inaugur\u00f3 el campamento de verano \u201cPeque\u00f1os Gigantes\u201d, organizado por la Direcci\u00f3n General de Seguridad P\u00fablica Municipal (DGSPM) en el que participan alrededor de 60 ni\u00f1os y ni\u00f1as de diferentes colonias.<\/p>\n\n\n\n<p>\u201cHoy iniciamos estas actividades en las cuales se brindar\u00e1 un espacio seguro para que ustedes ni\u00f1as y ni\u00f1os aprendan y desarrollen confianza en s\u00ed mismos, tengan la capacidad de resoluci\u00f3n de problemas y logren fortalecerse a trav\u00e9s de la proximidad social, disfruten cada momento de este camping, todos los d\u00edas jueguen, conozcan y guarden estas experiencias\u201d, expres\u00f3 la edil municipal, acompa\u00f1ada de padres y madres de familias y autoridades municipales y mandos policiacos.<\/p>\n\n\n\n<p>Al respecto, el director de la corporaci\u00f3n, Jorge Ram\u00edrez Leyva asegur\u00f3 frente a los padres y madres de familia que se tomaron todas las medidas necesarias para garantizar la seguridad y tranquilidad de las y los menores durante su estancia en el campamento. \u201cHemos tomado todas las medidas necesarias para que todas estas actividades se lleven de forma tranquila, con la seguridad que pueden tener ustedes al estar registrados en este camping, sus pap\u00e1s se van con una satisfacci\u00f3n de que est\u00e1n en buenas manos&#8221;, afirm\u00f3.<\/p>\n\n\n\n<p>La primera actividad de este campamento, que concluir\u00e1 el pr\u00f3ximo 26 de julio, fue una visita guiada a la f\u00e1brica de pan Bimbo, por lo que las y los menores fueron acompa\u00f1ados por elementos de Proximidad Social en un par de autobuses a las instalaciones del lugar.<\/p>\n\n\n\n<p>Adem\u00e1s, se llevar\u00e1n a cabo otras actividades l\u00fadicas y recreativas que buscar\u00e1n generar en los menores una cultura de prevenci\u00f3n y ense\u00f1ar a los ni\u00f1os sobre seguridad personal, vial, incluyendo reglas de tr\u00e1nsito, c\u00f3mo reaccionar en situaciones de emergencia y la importancia de la prevenci\u00f3n del delito; adem\u00e1s t\u00e9cnicas b\u00e1sicas de primeros auxilios, competencias de f\u00fatbol, b\u00e1squetbol y juegos recreativos para promover la actividad f\u00edsica y el trabajo en equipo.<\/p>\n\n\n\n<p>Durante el evento inaugural tambi\u00e9n estuvieron presentes autoridades como Benjam\u00edn P\u00e9rez \u00c1lvarez, Secretario General del Ayuntamiento; Jos\u00e9 Juan Castro Castillo, Director de Educaci\u00f3n y Acci\u00f3n C\u00edvica Municipal; Miguel \u00c1ngel Hern\u00e1ndez Hern\u00e1ndez, titular de la Direcci\u00f3n de Tr\u00e1nsito y Polic\u00eda Vial y Juan Jos\u00e9 Sierra L\u00f3pez, Director de Fuerzas Municipales.<\/p>\n","protected":false},"excerpt":{"rendered":"<p>Con un llamado a disfrutar y divertirse sanamente y aprender nuevas experiencias, este lunes, la Alcaldesa de Soledad de Graciano S\u00e1nchez, Araceli Mart\u00ednez P\u00e9rez inaugur\u00f3 el campamento de verano \u201cPeque\u00f1os Gigantes\u201d, organizado por la Direcci\u00f3n General de Seguridad P\u00fablica Municipal (DGSPM) en el que participan alrededor de 60 ni\u00f1os y ni\u00f1as de diferentes colonias. \u201cHoy [&hellip;]<\/p>\n","protected":false},"author":2,"featured_media":11247,"comment_status":"open","ping_status":"open","sticky":false,"template":"","format":"standard","meta":{"footnotes":""},"categories":[1,24,21],"tags":[81,223,2185,2187,294,276,261,27,2182],"class_list":{"0":"post-11246","1":"post","2":"type-post","3":"status-publish","4":"format-standard","5":"has-post-thumbnail","7":"category-destacadas","8":"category-informacion-general","9":"category-tu-soledad","10":"tag-alcaldesa-soledense","11":"tag-ayuntamiento-soledense","12":"tag-campamento","13":"tag-campamento-de-verano","14":"tag-san-luis","15":"tag-seguridad","16":"tag-slp","17":"tag-soledad","18":"tag-verano"},"_links":{"self":[{"href":"https:\/\/cronicadesoledad.com\/index.php\/wp-json\/wp\/v2\/posts\/11246","targetHints":{"allow":["GET"]}}],"collection":[{"href":"https:\/\/cronicadesoledad.com\/index.php\/wp-json\/wp\/v2\/posts"}],"about":[{"href":"https:\/\/cronicadesoledad.com\/index.php\/wp-json\/wp\/v2\/types\/post"}],"author":[{"embeddable":true,"href":"https:\/\/cronicadesoledad.com\/index.php\/wp-json\/wp\/v2\/users\/2"}],"replies":[{"embeddable":true,"href":"https:\/\/cronicadesoledad.com\/index.php\/wp-json\/wp\/v2\/comments?post=11246"}],"version-history":[{"count":1,"href":"https:\/\/cronicadesoledad.com\/index.php\/wp-json\/wp\/v2\/posts\/11246\/revisions"}],"predecessor-version":[{"id":11248,"href":"https:\/\/cronicadesoledad.com\/index.php\/wp-json\/wp\/v2\/posts\/11246\/revisions\/11248"}],"wp:featuredmedia":[{"embeddable":true,"href":"https:\/\/cronicadesoledad.com\/index.php\/wp-json\/wp\/v2\/media\/11247"}],"wp:attachment":[{"href":"https:\/\/cronicadesoledad.com\/index.php\/wp-json\/wp\/v2\/media?parent=11246"}],"wp:term":[{"taxonomy":"category","embeddable":true,"href":"https:\/\/cronicadesoledad.com\/index.php\/wp-json\/wp\/v2\/categories?post=11246"},{"taxonomy":"post_tag","embeddable":true,"href":"https:\/\/cronicadesoledad.com\/index.php\/wp-json\/wp\/v2\/tags?post=11246"}],"curies":[{"name":"wp","href":"https:\/\/api.w.org\/{rel}","templated":true}]}}