{"id":11281,"date":"2024-07-03T18:00:00","date_gmt":"2024-07-04T00:00:00","guid":{"rendered":"https:\/\/cronicadesoledad.com\/?p=11281"},"modified":"2024-07-03T18:10:18","modified_gmt":"2024-07-04T00:10:18","slug":"preparan-atractiva-expo-regional-canina","status":"publish","type":"post","link":"https:\/\/cronicadesoledad.com\/index.php\/2024\/07\/03\/preparan-atractiva-expo-regional-canina\/","title":{"rendered":"Preparan atractiva Expo Regional Canina"},"content":{"rendered":"\n<p>Para fortalecer la cultura del bienestar animal y fomentar el respeto y cuidado, el Ayuntamiento de Soledad de Graciano S\u00e1nchez ser\u00e1 sede de la primera Expo Regional Canina, en la \u00faltima semana de julio, un evento que promete marcar un precedente en la promoci\u00f3n y difusi\u00f3n de las acciones a favor de la vida animal.<\/p>\n\n\n\n<p>El director de Desarrollo Econ\u00f3mico Municipal, F\u00e9lix Herrera Ortega detall\u00f3 que este evento se llevar\u00e1 a cabo en la Plaza principal de Soledad, y reunir\u00e1 a participantes de cinco estados de la Rep\u00fablica Mexicana, para llevar a cabo la exposici\u00f3n de perros con enfoque hacia el bienestar animal.<\/p>\n\n\n\n<p>Explic\u00f3 que se trata de un evento dedicado a la canofilia y busca mejorar las razas de perros, a trav\u00e9s de la crianza, el cuidado, la formaci\u00f3n y la competici\u00f3n, especialmente en el contexto de exposiciones y deportes caninos, siguiendo est\u00e1ndares espec\u00edficos y participando en eventos donde se eval\u00faan las caracter\u00edsticas y habilidades de las mascotas.<\/p>\n\n\n\n<p>A\u00f1adi\u00f3 que en el evento habr\u00e1 cientos de ejemplares de diferentes razas que participar\u00e1n en la exposici\u00f3n canina en tama\u00f1o, disfraces, el mejor talento y obediencia, agilidad, adem\u00e1s de haber una pasarela de adopci\u00f3n. &#8220;Logramos atraer este evento directamente a Soledad por el n\u00famero de participantes, y por la cantidad de visitantes que vendr\u00e1n a nuestra Plaza principal, pues esto representa una gran oportunidad econ\u00f3mica para nuestro municipio\u201d, a\u00f1adi\u00f3.<\/p>\n\n\n\n<p>Adem\u00e1s de la exposici\u00f3n Canofilia, habr\u00e1 importantes expositores del ramo de mascotas y actividades relacionadas con el cuidado y la adopci\u00f3n de animales, por lo que resalt\u00f3 que la colaboraci\u00f3n con asociaciones de rescatistas es una oportunidad \u00fanica para encontrar un hogar para muchos animalitos que est\u00e1n en busca de una familia. &#8220;Estamos trabajando con asociaciones cien por ciento responsables y establecidas para ofrecer adopciones de animales de manera segura y \u00e9tica&#8221;, finaliz\u00f3.<\/p>\n","protected":false},"excerpt":{"rendered":"<p>Para fortalecer la cultura del bienestar animal y fomentar el respeto y cuidado, el Ayuntamiento de Soledad de Graciano S\u00e1nchez ser\u00e1 sede de la primera Expo Regional Canina, en la \u00faltima semana de julio, un evento que promete marcar un precedente en la promoci\u00f3n y difusi\u00f3n de las acciones a favor de la vida animal. [&hellip;]<\/p>\n","protected":false},"author":2,"featured_media":11282,"comment_status":"open","ping_status":"open","sticky":false,"template":"","format":"standard","meta":{"footnotes":""},"categories":[24,21],"tags":[223,2433,2090,2434,1725,1847,1407,2432,294,261,27],"class_list":{"0":"post-11281","1":"post","2":"type-post","3":"status-publish","4":"format-standard","5":"has-post-thumbnail","7":"category-informacion-general","8":"category-tu-soledad","9":"tag-ayuntamiento-soledense","10":"tag-canina","11":"tag-expo","12":"tag-expo-regional-canina","13":"tag-mascotas","14":"tag-perritos","15":"tag-perros","16":"tag-regional","17":"tag-san-luis","18":"tag-slp","19":"tag-soledad"},"_links":{"self":[{"href":"https:\/\/cronicadesoledad.com\/index.php\/wp-json\/wp\/v2\/posts\/11281","targetHints":{"allow":["GET"]}}],"collection":[{"href":"https:\/\/cronicadesoledad.com\/index.php\/wp-json\/wp\/v2\/posts"}],"about":[{"href":"https:\/\/cronicadesoledad.com\/index.php\/wp-json\/wp\/v2\/types\/post"}],"author":[{"embeddable":true,"href":"https:\/\/cronicadesoledad.com\/index.php\/wp-json\/wp\/v2\/users\/2"}],"replies":[{"embeddable":true,"href":"https:\/\/cronicadesoledad.com\/index.php\/wp-json\/wp\/v2\/comments?post=11281"}],"version-history":[{"count":1,"href":"https:\/\/cronicadesoledad.com\/index.php\/wp-json\/wp\/v2\/posts\/11281\/revisions"}],"predecessor-version":[{"id":11283,"href":"https:\/\/cronicadesoledad.com\/index.php\/wp-json\/wp\/v2\/posts\/11281\/revisions\/11283"}],"wp:featuredmedia":[{"embeddable":true,"href":"https:\/\/cronicadesoledad.com\/index.php\/wp-json\/wp\/v2\/media\/11282"}],"wp:attachment":[{"href":"https:\/\/cronicadesoledad.com\/index.php\/wp-json\/wp\/v2\/media?parent=11281"}],"wp:term":[{"taxonomy":"category","embeddable":true,"href":"https:\/\/cronicadesoledad.com\/index.php\/wp-json\/wp\/v2\/categories?post=11281"},{"taxonomy":"post_tag","embeddable":true,"href":"https:\/\/cronicadesoledad.com\/index.php\/wp-json\/wp\/v2\/tags?post=11281"}],"curies":[{"name":"wp","href":"https:\/\/api.w.org\/{rel}","templated":true}]}}