{"id":11287,"date":"2024-07-03T20:00:00","date_gmt":"2024-07-04T02:00:00","guid":{"rendered":"https:\/\/cronicadesoledad.com\/?p=11287"},"modified":"2024-07-03T18:20:00","modified_gmt":"2024-07-04T00:20:00","slug":"vinculan-a-proceso-a-presunto-abusador-sexual","status":"publish","type":"post","link":"https:\/\/cronicadesoledad.com\/index.php\/2024\/07\/03\/vinculan-a-proceso-a-presunto-abusador-sexual\/","title":{"rendered":"Vinculan a proceso a presunto abusador sexual"},"content":{"rendered":"\n<p>La Fiscal\u00eda Especializada en Atenci\u00f3n a la Mujer, la Familia y Delitos Sexuales obtuvo prisi\u00f3n preventiva justificada para Jos\u00e9 Domingo \u201cN\u201d, luego que se declar\u00f3 la vinculaci\u00f3n a proceso por el delito de abuso sexual calificado en la capital potosina.<\/p>\n\n\n\n<p>Personal de la Fiscal\u00eda General del Estado de San Luis Potos\u00ed (FGESLP) inici\u00f3 las acciones penales en contra del referido, luego que se conoci\u00f3 que el 18 de junio de 2024, esta persona habr\u00eda realizado conductas sexuales en agravio de la v\u00edctima, quien es menor de edad.<\/p>\n\n\n\n<p>El imputado fue detenido momentos despu\u00e9s de presuntamente cometer dichos actos en la colonia La Lomita en Soledad de Graciano S\u00e1nchez, por elementos de la Guardia Civil Estatal (GCE).<\/p>\n\n\n\n<p>Posteriormente, los oficiales de la GCE pusieron al individuo a disposici\u00f3n de la Fiscal\u00eda de la Mujer, siendo as\u00ed como se llev\u00f3 ante un Juez de control pasado el t\u00e9rmino respectivo.<\/p>\n\n\n\n<p>En la audiencia realizada por este il\u00edcito, el agente del Ministerio P\u00fablico litig\u00f3 debidamente, hasta que la vinculaci\u00f3n a proceso con duraci\u00f3n de un mes para la investigaci\u00f3n complementaria y la medida cautelar de prisi\u00f3n preventiva fueran dictadas por la autoridad judicial en contra del imputado.<\/p>\n","protected":false},"excerpt":{"rendered":"<p>La Fiscal\u00eda Especializada en Atenci\u00f3n a la Mujer, la Familia y Delitos Sexuales obtuvo prisi\u00f3n preventiva justificada para Jos\u00e9 Domingo \u201cN\u201d, luego que se declar\u00f3 la vinculaci\u00f3n a proceso por el delito de abuso sexual calificado en la capital potosina. Personal de la Fiscal\u00eda General del Estado de San Luis Potos\u00ed (FGESLP) inici\u00f3 las acciones [&hellip;]<\/p>\n","protected":false},"author":2,"featured_media":5617,"comment_status":"open","ping_status":"open","sticky":false,"template":"","format":"standard","meta":{"footnotes":""},"categories":[24,19],"tags":[2437,2440,1503,1819,473,1835,1836,294,276,2439,261,27,2436,2438],"class_list":{"0":"post-11287","1":"post","2":"type-post","3":"status-publish","4":"format-standard","5":"has-post-thumbnail","7":"category-informacion-general","8":"category-seguridad","9":"tag-abuso","10":"tag-abuso-sexual","11":"tag-detenido","12":"tag-fge","13":"tag-fgeslp","14":"tag-policia-2","15":"tag-policiaca-3","16":"tag-san-luis","17":"tag-seguridad","18":"tag-sexual","19":"tag-slp","20":"tag-soledad","21":"tag-vinculado-a-proceso","22":"tag-violacion-2"},"_links":{"self":[{"href":"https:\/\/cronicadesoledad.com\/index.php\/wp-json\/wp\/v2\/posts\/11287","targetHints":{"allow":["GET"]}}],"collection":[{"href":"https:\/\/cronicadesoledad.com\/index.php\/wp-json\/wp\/v2\/posts"}],"about":[{"href":"https:\/\/cronicadesoledad.com\/index.php\/wp-json\/wp\/v2\/types\/post"}],"author":[{"embeddable":true,"href":"https:\/\/cronicadesoledad.com\/index.php\/wp-json\/wp\/v2\/users\/2"}],"replies":[{"embeddable":true,"href":"https:\/\/cronicadesoledad.com\/index.php\/wp-json\/wp\/v2\/comments?post=11287"}],"version-history":[{"count":1,"href":"https:\/\/cronicadesoledad.com\/index.php\/wp-json\/wp\/v2\/posts\/11287\/revisions"}],"predecessor-version":[{"id":11288,"href":"https:\/\/cronicadesoledad.com\/index.php\/wp-json\/wp\/v2\/posts\/11287\/revisions\/11288"}],"wp:featuredmedia":[{"embeddable":true,"href":"https:\/\/cronicadesoledad.com\/index.php\/wp-json\/wp\/v2\/media\/5617"}],"wp:attachment":[{"href":"https:\/\/cronicadesoledad.com\/index.php\/wp-json\/wp\/v2\/media?parent=11287"}],"wp:term":[{"taxonomy":"category","embeddable":true,"href":"https:\/\/cronicadesoledad.com\/index.php\/wp-json\/wp\/v2\/categories?post=11287"},{"taxonomy":"post_tag","embeddable":true,"href":"https:\/\/cronicadesoledad.com\/index.php\/wp-json\/wp\/v2\/tags?post=11287"}],"curies":[{"name":"wp","href":"https:\/\/api.w.org\/{rel}","templated":true}]}}