{"id":11292,"date":"2024-07-04T11:22:09","date_gmt":"2024-07-04T17:22:09","guid":{"rendered":"https:\/\/cronicadesoledad.com\/?p=11292"},"modified":"2024-07-04T11:22:10","modified_gmt":"2024-07-04T17:22:10","slug":"soledad-promueve-intercambio-de-basura-electronica-por-arboles","status":"publish","type":"post","link":"https:\/\/cronicadesoledad.com\/index.php\/2024\/07\/04\/soledad-promueve-intercambio-de-basura-electronica-por-arboles\/","title":{"rendered":"Soledad promueve intercambio de basura electr\u00f3nica por \u00e1rboles"},"content":{"rendered":"\n<p>El municipio de Soledad ha lanzado una iniciativa innovadora para promover el reciclaje de basura electr\u00f3nica, ofreciendo \u00e1rboles a cambio de estos residuos. Teresa Z\u00fa\u00f1iga Maldonado, directora de Ecolog\u00eda Municipal, inform\u00f3 que hasta el momento se ha recolectado aproximadamente una tonelada de aparatos electr\u00f3nicos en desuso.<\/p>\n\n\n\n<p>&#8220;Hemos tenido una cantidad aceptable de basura electr\u00f3nica que los ciudadanos nos han llevado. A cambio, les damos un arbolito como incentivo,&#8221; coment\u00f3 Z\u00fa\u00f1iga Maldonado.<\/p>\n\n\n\n<p>Entre los art\u00edculos m\u00e1s comunes entregados se encuentran televisores, microondas, licuadoras y bocinas. Las colonias de Prados de Soledad, Cactus y Villa Jard\u00edn destacan por su participaci\u00f3n activa en esta campa\u00f1a, mostrando un mayor compromiso en la entrega de residuos electr\u00f3nicos.<\/p>\n\n\n\n<p>&#8220;Hemos visto una respuesta constante durante todos los meses, aunque la cantidad puede variar semanalmente. En promedio, recolectamos entre 200 y 400 kilos por semana&#8221;, agreg\u00f3 Z\u00fa\u00f1iga Maldonado.<\/p>\n\n\n\n<p>El departamento de Ecolog\u00eda tambi\u00e9n apoya a los ciudadanos con el transporte de residuos de gran tama\u00f1o, utilizando una camioneta para facilitar el proceso. La directora subray\u00f3 la importancia de estas acciones para el cuidado del medio ambiente y anim\u00f3 a m\u00e1s ciudadanos a sumarse a la recolecci\u00f3n de basura electr\u00f3nica.<\/p>\n","protected":false},"excerpt":{"rendered":"<p>El municipio de Soledad ha lanzado una iniciativa innovadora para promover el reciclaje de basura electr\u00f3nica, ofreciendo \u00e1rboles a cambio de estos residuos. Teresa Z\u00fa\u00f1iga Maldonado, directora de Ecolog\u00eda Municipal, inform\u00f3 que hasta el momento se ha recolectado aproximadamente una tonelada de aparatos electr\u00f3nicos en desuso. &#8220;Hemos tenido una cantidad aceptable de basura electr\u00f3nica que [&hellip;]<\/p>\n","protected":false},"author":2,"featured_media":11293,"comment_status":"open","ping_status":"open","sticky":false,"template":"","format":"standard","meta":{"footnotes":""},"categories":[1,24],"tags":[2445,2444,380,2446,261,27],"class_list":{"0":"post-11292","1":"post","2":"type-post","3":"status-publish","4":"format-standard","5":"has-post-thumbnail","7":"category-destacadas","8":"category-informacion-general","9":"tag-arboles-2","10":"tag-basura-electronica","11":"tag-ecologia","12":"tag-intercambio","13":"tag-slp","14":"tag-soledad"},"_links":{"self":[{"href":"https:\/\/cronicadesoledad.com\/index.php\/wp-json\/wp\/v2\/posts\/11292","targetHints":{"allow":["GET"]}}],"collection":[{"href":"https:\/\/cronicadesoledad.com\/index.php\/wp-json\/wp\/v2\/posts"}],"about":[{"href":"https:\/\/cronicadesoledad.com\/index.php\/wp-json\/wp\/v2\/types\/post"}],"author":[{"embeddable":true,"href":"https:\/\/cronicadesoledad.com\/index.php\/wp-json\/wp\/v2\/users\/2"}],"replies":[{"embeddable":true,"href":"https:\/\/cronicadesoledad.com\/index.php\/wp-json\/wp\/v2\/comments?post=11292"}],"version-history":[{"count":1,"href":"https:\/\/cronicadesoledad.com\/index.php\/wp-json\/wp\/v2\/posts\/11292\/revisions"}],"predecessor-version":[{"id":11294,"href":"https:\/\/cronicadesoledad.com\/index.php\/wp-json\/wp\/v2\/posts\/11292\/revisions\/11294"}],"wp:featuredmedia":[{"embeddable":true,"href":"https:\/\/cronicadesoledad.com\/index.php\/wp-json\/wp\/v2\/media\/11293"}],"wp:attachment":[{"href":"https:\/\/cronicadesoledad.com\/index.php\/wp-json\/wp\/v2\/media?parent=11292"}],"wp:term":[{"taxonomy":"category","embeddable":true,"href":"https:\/\/cronicadesoledad.com\/index.php\/wp-json\/wp\/v2\/categories?post=11292"},{"taxonomy":"post_tag","embeddable":true,"href":"https:\/\/cronicadesoledad.com\/index.php\/wp-json\/wp\/v2\/tags?post=11292"}],"curies":[{"name":"wp","href":"https:\/\/api.w.org\/{rel}","templated":true}]}}