{"id":11298,"date":"2024-07-04T14:03:06","date_gmt":"2024-07-04T20:03:06","guid":{"rendered":"https:\/\/cronicadesoledad.com\/?p=11298"},"modified":"2024-07-04T14:03:06","modified_gmt":"2024-07-04T20:03:06","slug":"aumento-de-violencia-infantil-durante-vacaciones-en-soledad","status":"publish","type":"post","link":"https:\/\/cronicadesoledad.com\/index.php\/2024\/07\/04\/aumento-de-violencia-infantil-durante-vacaciones-en-soledad\/","title":{"rendered":"Aumento de violencia infantil durante vacaciones en Soledad"},"content":{"rendered":"\n<p>Durante las vacaciones de verano, el Sistema de Desarrollo Integral (DIF) Municipal de Soledad de Graciano S\u00e1nchez ha registrado un alarmante aumento del 30% en las atenciones por violencia contra ni\u00f1os, seg\u00fan inform\u00f3 Mar\u00eda del Pilar Cardona Reyna, presidenta de la instituci\u00f3n.<\/p>\n\n\n\n<p>Cardona Reyna se\u00f1al\u00f3 que aunque no se han reportado casos extremadamente graves, el incremento en denuncias y atenciones es significativo durante este periodo. &#8220;Es algo que ya hemos observado en a\u00f1os anteriores. Durante las vacaciones, el estr\u00e9s familiar aumenta porque los padres, que no est\u00e1n acostumbrados a convivir todo el d\u00eda con los ni\u00f1os, enfrentan m\u00e1s tensiones. Esto se refleja en un aumento en los reportes de violencia y falta de atenci\u00f3n hacia los peque\u00f1os&#8221;, explic\u00f3.<\/p>\n\n\n\n<p>Los casos m\u00e1s frecuentes atendidos por el DIF municipal incluyen negligencia y desatenci\u00f3n, afectando principalmente a ni\u00f1os de entre dos y diez a\u00f1os. Seg\u00fan Cardona Reyna, las causas principales son el estr\u00e9s familiar, el consumo de alcohol y drogas por parte de los padres, muchos de los cuales son j\u00f3venes y viven en entornos familiares disfuncionales.<\/p>\n\n\n\n<p>Adem\u00e1s de la violencia dom\u00e9stica, el DIF tambi\u00e9n ha observado un ligero incremento en el trabajo infantil durante las vacaciones. &#8220;Durante este periodo, aumenta la presencia de menores trabajando en cruceros y calles principales del municipio. Tenemos un programa permanente de vigilancia en cruceros para abordar esta problem\u00e1tica&#8221;, afirm\u00f3 la presidenta del DIF.<\/p>\n\n\n\n<p>A pesar del aumento en las atenciones por violencia infantil, el DIF de Soledad de Graciano S\u00e1nchez no ha registrado casos de menores extraviados durante este periodo. &#8220;Afortunadamente, no hemos tenido reportes de ni\u00f1os que se hayan perdido o salido de casa sin supervisi\u00f3n&#8221;, asegur\u00f3 Cardona Reyna.<\/p>\n\n\n\n<p>Finalmente, la presidenta del DIF destac\u00f3 que la instituci\u00f3n contin\u00faa trabajando para brindar protecci\u00f3n y apoyo a los menores, promoviendo la unidad familiar y ofreciendo alternativas a las familias en situaciones de riesgo. &#8220;La colaboraci\u00f3n de la comunidad y la pronta denuncia de cualquier caso de violencia o negligencia son cruciales para garantizar el bienestar de los ni\u00f1os durante estas vacaciones&#8221;, concluy\u00f3 Cardona Reyna.<\/p>\n\n\n\n<p>El DIF municipal de Soledad de Graciano S\u00e1nchez insta a la comunidad a reportar cualquier situaci\u00f3n de violencia infantil a trav\u00e9s de los canales correspondientes, asegurando as\u00ed la protecci\u00f3n y seguridad de los ni\u00f1os en el municipio.<\/p>\n","protected":false},"excerpt":{"rendered":"<p>Durante las vacaciones de verano, el Sistema de Desarrollo Integral (DIF) Municipal de Soledad de Graciano S\u00e1nchez ha registrado un alarmante aumento del 30% en las atenciones por violencia contra ni\u00f1os, seg\u00fan inform\u00f3 Mar\u00eda del Pilar Cardona Reyna, presidenta de la instituci\u00f3n. Cardona Reyna se\u00f1al\u00f3 que aunque no se han reportado casos extremadamente graves, el [&hellip;]<\/p>\n","protected":false},"author":2,"featured_media":11299,"comment_status":"open","ping_status":"open","sticky":false,"template":"","format":"standard","meta":{"footnotes":""},"categories":[1,24],"tags":[2447,387,2449,261,27,2448,1694],"class_list":{"0":"post-11298","1":"post","2":"type-post","3":"status-publish","4":"format-standard","5":"has-post-thumbnail","7":"category-destacadas","8":"category-informacion-general","9":"tag-aumento","10":"tag-dif","11":"tag-menores-de-edad","12":"tag-slp","13":"tag-soledad","14":"tag-vcaciones","15":"tag-violencia-infantil"},"_links":{"self":[{"href":"https:\/\/cronicadesoledad.com\/index.php\/wp-json\/wp\/v2\/posts\/11298","targetHints":{"allow":["GET"]}}],"collection":[{"href":"https:\/\/cronicadesoledad.com\/index.php\/wp-json\/wp\/v2\/posts"}],"about":[{"href":"https:\/\/cronicadesoledad.com\/index.php\/wp-json\/wp\/v2\/types\/post"}],"author":[{"embeddable":true,"href":"https:\/\/cronicadesoledad.com\/index.php\/wp-json\/wp\/v2\/users\/2"}],"replies":[{"embeddable":true,"href":"https:\/\/cronicadesoledad.com\/index.php\/wp-json\/wp\/v2\/comments?post=11298"}],"version-history":[{"count":1,"href":"https:\/\/cronicadesoledad.com\/index.php\/wp-json\/wp\/v2\/posts\/11298\/revisions"}],"predecessor-version":[{"id":11300,"href":"https:\/\/cronicadesoledad.com\/index.php\/wp-json\/wp\/v2\/posts\/11298\/revisions\/11300"}],"wp:featuredmedia":[{"embeddable":true,"href":"https:\/\/cronicadesoledad.com\/index.php\/wp-json\/wp\/v2\/media\/11299"}],"wp:attachment":[{"href":"https:\/\/cronicadesoledad.com\/index.php\/wp-json\/wp\/v2\/media?parent=11298"}],"wp:term":[{"taxonomy":"category","embeddable":true,"href":"https:\/\/cronicadesoledad.com\/index.php\/wp-json\/wp\/v2\/categories?post=11298"},{"taxonomy":"post_tag","embeddable":true,"href":"https:\/\/cronicadesoledad.com\/index.php\/wp-json\/wp\/v2\/tags?post=11298"}],"curies":[{"name":"wp","href":"https:\/\/api.w.org\/{rel}","templated":true}]}}