{"id":11317,"date":"2024-07-05T13:10:20","date_gmt":"2024-07-05T19:10:20","guid":{"rendered":"https:\/\/cronicadesoledad.com\/?p=11317"},"modified":"2024-07-05T18:56:14","modified_gmt":"2024-07-06T00:56:14","slug":"inauguracion-del-festival-de-las-flores","status":"publish","type":"post","link":"https:\/\/cronicadesoledad.com\/index.php\/2024\/07\/05\/inauguracion-del-festival-de-las-flores\/","title":{"rendered":"Inauguraci\u00f3n del Festival de las Flores"},"content":{"rendered":"\n<p>Este viernes se abri\u00f3 al p\u00fablico el Festival de las Flores en la plaza principal de Soledad de Graciano S\u00e1nchez, atrayendo a numerosos visitantes interesados en disfrutar de una celebraci\u00f3n dedicada a la biodiversidad y la belleza natural.<\/p>\n\n\n\n<p>Con la participaci\u00f3n de m\u00e1s de 150 expositores, el festival se afianza como un evento destacado para los amantes de la naturaleza y la jardiner\u00eda en la regi\u00f3n. Desde su inicio, la plaza principal se ha transformado en un espect\u00e1culo visual y olfativo, donde cada rinc\u00f3n ofrece una nueva experiencia sensorial.<\/p>\n\n\n\n<p>La inauguraci\u00f3n cont\u00f3 con la presencia de autoridades locales, quienes subrayaron la importancia del evento para impulsar el comercio local y fomentar la conciencia ambiental. &#8220;El Festival de las Flores no solo embellece nuestro municipio, sino que tambi\u00e9n fortalece nuestra identidad y promueve pr\u00e1cticas ecol\u00f3gicas&#8221;, coment\u00f3 la Directora de Turismo Municipal, Ocary Carre\u00f3n.<\/p>\n\n\n\n<p>Entre las atracciones del festival se encuentran las suculentas y los cactus, conocidos por su resistencia y variedad de formas. Tambi\u00e9n se destacan las orqu\u00eddeas y las violetas africanas, apreciadas por su delicadeza y capacidad para transformar cualquier espacio interior.<\/p>\n\n\n\n<p>Para quienes buscan opciones para sus jardines, el festival ofrece una amplia gama de plantas de exterior. Las rosas en todas sus variedades, las bugambilias y los geranios son algunas de las m\u00e1s solicitadas, gracias a su adaptabilidad al clima local y su exuberante floraci\u00f3n.<\/p>\n\n\n\n<p>Adem\u00e1s de las opciones m\u00e1s conocidas, el festival presenta una selecci\u00f3n \u00fanica de plantas ex\u00f3ticas y nativas. Desde las bromelias hasta las plantas carn\u00edvoras, cada exhibici\u00f3n invita a explorar la diversidad bot\u00e1nica y cultural de San Luis Potos\u00ed.<\/p>\n\n\n\n<p>El Festival de las Flores no solo ofrece una experiencia est\u00e9tica, sino tambi\u00e9n una oportunidad para aprender y conectarse con la naturaleza. Los visitantes pueden participar en talleres de jardiner\u00eda, escuchar charlas sobre conservaci\u00f3n ambiental y disfrutar de actividades dise\u00f1adas para toda la familia.<\/p>\n\n\n\n<p>Con su exitosa inauguraci\u00f3n, el Festival de las Flores en Soledad de Graciano S\u00e1nchez se establece como un evento anual que celebra la belleza natural y la comunidad local en un ambiente de alegr\u00eda y aprendizaje.<\/p>\n","protected":false},"excerpt":{"rendered":"<p>Este viernes se abri\u00f3 al p\u00fablico el Festival de las Flores en la plaza principal de Soledad de Graciano S\u00e1nchez, atrayendo a numerosos visitantes interesados en disfrutar de una celebraci\u00f3n dedicada a la biodiversidad y la belleza natural. Con la participaci\u00f3n de m\u00e1s de 150 expositores, el festival se afianza como un evento destacado para [&hellip;]<\/p>\n","protected":false},"author":2,"featured_media":11318,"comment_status":"open","ping_status":"open","sticky":false,"template":"","format":"standard","meta":{"footnotes":""},"categories":[1,24,21],"tags":[378,2458,2282,2457,261,27],"class_list":{"0":"post-11317","1":"post","2":"type-post","3":"status-publish","4":"format-standard","5":"has-post-thumbnail","7":"category-destacadas","8":"category-informacion-general","9":"category-tu-soledad","10":"tag-comercio","11":"tag-expositores","12":"tag-festival-de-las-flores-2024","13":"tag-inauguracion","14":"tag-slp","15":"tag-soledad"},"_links":{"self":[{"href":"https:\/\/cronicadesoledad.com\/index.php\/wp-json\/wp\/v2\/posts\/11317","targetHints":{"allow":["GET"]}}],"collection":[{"href":"https:\/\/cronicadesoledad.com\/index.php\/wp-json\/wp\/v2\/posts"}],"about":[{"href":"https:\/\/cronicadesoledad.com\/index.php\/wp-json\/wp\/v2\/types\/post"}],"author":[{"embeddable":true,"href":"https:\/\/cronicadesoledad.com\/index.php\/wp-json\/wp\/v2\/users\/2"}],"replies":[{"embeddable":true,"href":"https:\/\/cronicadesoledad.com\/index.php\/wp-json\/wp\/v2\/comments?post=11317"}],"version-history":[{"count":1,"href":"https:\/\/cronicadesoledad.com\/index.php\/wp-json\/wp\/v2\/posts\/11317\/revisions"}],"predecessor-version":[{"id":11319,"href":"https:\/\/cronicadesoledad.com\/index.php\/wp-json\/wp\/v2\/posts\/11317\/revisions\/11319"}],"wp:featuredmedia":[{"embeddable":true,"href":"https:\/\/cronicadesoledad.com\/index.php\/wp-json\/wp\/v2\/media\/11318"}],"wp:attachment":[{"href":"https:\/\/cronicadesoledad.com\/index.php\/wp-json\/wp\/v2\/media?parent=11317"}],"wp:term":[{"taxonomy":"category","embeddable":true,"href":"https:\/\/cronicadesoledad.com\/index.php\/wp-json\/wp\/v2\/categories?post=11317"},{"taxonomy":"post_tag","embeddable":true,"href":"https:\/\/cronicadesoledad.com\/index.php\/wp-json\/wp\/v2\/tags?post=11317"}],"curies":[{"name":"wp","href":"https:\/\/api.w.org\/{rel}","templated":true}]}}