{"id":11323,"date":"2024-07-05T20:00:00","date_gmt":"2024-07-06T02:00:00","guid":{"rendered":"https:\/\/cronicadesoledad.com\/?p=11323"},"modified":"2024-07-05T19:14:08","modified_gmt":"2024-07-06T01:14:08","slug":"denisse-pereira-embajadora-de-la-tercera-marcha-lgbtttiq","status":"publish","type":"post","link":"https:\/\/cronicadesoledad.com\/index.php\/2024\/07\/05\/denisse-pereira-embajadora-de-la-tercera-marcha-lgbtttiq\/","title":{"rendered":"Denisse Pereira, embajadora de la tercera marcha LGBTTTIQ+"},"content":{"rendered":"\n<p>En una ceremonia para visibilizar y respaldar en su lucha por la igualdad y la no discriminaci\u00f3n de la comunidad LGBTTTIQ+, celebrada la noche de este jueves en el Auditorio Municipal, Denisse Pereira fue elegida como la reina y embajadora de la tercera Marcha por la diversidad sexual que se llevar\u00e1 a cabo el pr\u00f3ximo 13 de julio en Soledad de Graciano S\u00e1nchez.<\/p>\n\n\n\n<p>Con una calificaci\u00f3n de 195 puntos, Denise Pereira se alz\u00f3 con el primer lugar y se coron\u00f3 como la embajadora 2024 de la Marcha, el segundo lugar fue para Mayra Litzshow con 182 puntos, mientras que el tercer lugar fue para Megan Face con 172 puntos. Las tres participantes recibieron premios en efectivo, el reconocimiento y aplausos de las y los presentes.<\/p>\n\n\n\n<p>La ceremonia cont\u00f3 con la presencia de Gerardo Sosa Torres, director del Instituto de la Juventud de Soledad de Graciano S\u00e1nchez, en representaci\u00f3n de la Alcaldesa, Araceli Mart\u00ednez P\u00e9rez, quien destac\u00f3 que con esta coronaci\u00f3n inicia una serie de actividades en beneficio de la comunidad LGBTTTIQ+, incluyendo un evento en apoyo al refugio Orqu\u00eddea, una casa hogar para personas que sufren discriminaci\u00f3n y p\u00e9rdida de derechos.<\/p>\n\n\n\n<p>Destac\u00f3 que el Ayuntamiento de Soledad de Graciano S\u00e1nchez trabaja incansablemente para crear un entorno m\u00e1s inclusivo y justo, donde todas las personas, independientemente de su orientaci\u00f3n sexual o identidad de g\u00e9nero, puedan vivir con dignidad y sin temor a la discriminaci\u00f3n.<\/p>\n\n\n\n<p>&#8220;Hacemos un llamado a todas las personas a apoyarnos en beneficio de la comunidad de la Casa Orqu\u00eddea. El d\u00eda 13 estaremos pintando los pasos peatonales de la calle Hidalgo con los colores del arco\u00edris celebrando la diversidad para toda la comunidad&#8221;, agreg\u00f3.<\/p>\n\n\n\n<p>Alfredo Reyna, del Comit\u00e9 Organizador, dijo: &#8220;Esto lo hacemos sobre todo para visibilizar a la comunidad LGBTQ+, incluyendo a mis amigas drags, grandes compa\u00f1eras y amigas trans de San Luis Potos\u00ed y, por supuesto, de Soledad de Graciano S\u00e1nchez&#8221;. Reconoci\u00f3 la apertura y apoyo del municipio de Soledad para avanzar en las pol\u00edticas p\u00fablicas que fomentan el respeto a las m\u00faltiples expresiones de g\u00e9nero y sexualidad en este municipio, sum\u00e1ndose a lo que ya se realiza en la regi\u00f3n Centro.<\/p>\n","protected":false},"excerpt":{"rendered":"<p>En una ceremonia para visibilizar y respaldar en su lucha por la igualdad y la no discriminaci\u00f3n de la comunidad LGBTTTIQ+, celebrada la noche de este jueves en el Auditorio Municipal, Denisse Pereira fue elegida como la reina y embajadora de la tercera Marcha por la diversidad sexual que se llevar\u00e1 a cabo el pr\u00f3ximo [&hellip;]<\/p>\n","protected":false},"author":2,"featured_media":11324,"comment_status":"open","ping_status":"open","sticky":false,"template":"","format":"standard","meta":{"footnotes":""},"categories":[24,21],"tags":[223,2463,936,1910,2465,2347,2464,2466,294,261,27],"class_list":{"0":"post-11323","1":"post","2":"type-post","3":"status-publish","4":"format-standard","5":"has-post-thumbnail","7":"category-informacion-general","8":"category-tu-soledad","9":"tag-ayuntamiento-soledense","10":"tag-denisse-pereira","11":"tag-lgbtiq","12":"tag-marcha","13":"tag-marcha-del-orgullo","14":"tag-mes-del-orgullo","15":"tag-orgullo","16":"tag-orgullo-lgbtiq","17":"tag-san-luis","18":"tag-slp","19":"tag-soledad"},"_links":{"self":[{"href":"https:\/\/cronicadesoledad.com\/index.php\/wp-json\/wp\/v2\/posts\/11323","targetHints":{"allow":["GET"]}}],"collection":[{"href":"https:\/\/cronicadesoledad.com\/index.php\/wp-json\/wp\/v2\/posts"}],"about":[{"href":"https:\/\/cronicadesoledad.com\/index.php\/wp-json\/wp\/v2\/types\/post"}],"author":[{"embeddable":true,"href":"https:\/\/cronicadesoledad.com\/index.php\/wp-json\/wp\/v2\/users\/2"}],"replies":[{"embeddable":true,"href":"https:\/\/cronicadesoledad.com\/index.php\/wp-json\/wp\/v2\/comments?post=11323"}],"version-history":[{"count":1,"href":"https:\/\/cronicadesoledad.com\/index.php\/wp-json\/wp\/v2\/posts\/11323\/revisions"}],"predecessor-version":[{"id":11325,"href":"https:\/\/cronicadesoledad.com\/index.php\/wp-json\/wp\/v2\/posts\/11323\/revisions\/11325"}],"wp:featuredmedia":[{"embeddable":true,"href":"https:\/\/cronicadesoledad.com\/index.php\/wp-json\/wp\/v2\/media\/11324"}],"wp:attachment":[{"href":"https:\/\/cronicadesoledad.com\/index.php\/wp-json\/wp\/v2\/media?parent=11323"}],"wp:term":[{"taxonomy":"category","embeddable":true,"href":"https:\/\/cronicadesoledad.com\/index.php\/wp-json\/wp\/v2\/categories?post=11323"},{"taxonomy":"post_tag","embeddable":true,"href":"https:\/\/cronicadesoledad.com\/index.php\/wp-json\/wp\/v2\/tags?post=11323"}],"curies":[{"name":"wp","href":"https:\/\/api.w.org\/{rel}","templated":true}]}}