{"id":11332,"date":"2024-07-06T15:45:21","date_gmt":"2024-07-06T21:45:21","guid":{"rendered":"https:\/\/cronicadesoledad.com\/?p=11332"},"modified":"2024-07-06T15:45:22","modified_gmt":"2024-07-06T21:45:22","slug":"soledad-reconoce-a-docentes-deportivos","status":"publish","type":"post","link":"https:\/\/cronicadesoledad.com\/index.php\/2024\/07\/06\/soledad-reconoce-a-docentes-deportivos\/","title":{"rendered":"Soledad reconoce a docentes deportivos"},"content":{"rendered":"\n<p>En una ceremonia llevada a cabo en el Auditorio Municipal, el Ayuntamiento de Soledad de Graciano S\u00e1nchez otorg\u00f3 reconocimientos a m\u00e1s de 40 docentes de educaci\u00f3n f\u00edsica por su destacada labor durante el ciclo escolar 2023-2024. Los homenajeados se destacaron en disciplinas como ajedrez, atletismo, baloncesto, f\u00fatbol, balonmano, voleibol, b\u00e9isbol, juegos tradicionales, matrogimnasia y educaci\u00f3n f\u00edsica en niveles de preescolar y primaria.<\/p>\n\n\n\n<p>La Alcaldesa Interina, Araceli Mart\u00ednez P\u00e9rez, expres\u00f3 su agradecimiento en nombre del Gobierno municipal, subrayando la importancia del trabajo de los maestros en la formaci\u00f3n de una sociedad m\u00e1s equitativa y solidaria. Mart\u00ednez P\u00e9rez destac\u00f3 el compromiso y dedicaci\u00f3n de los docentes en la educaci\u00f3n de futuros ciudadanos responsables y conscientes de su entorno.<\/p>\n\n\n\n<p>&#8220;Ser maestro es una profesi\u00f3n esencial para construir una sociedad justa y humana. Los docentes tienen la misi\u00f3n de guiar a sus alumnos y contribuir a la formaci\u00f3n de ciudadanos comprometidos con su comunidad y sus problem\u00e1ticas,&#8221; declar\u00f3 Mart\u00ednez P\u00e9rez.<\/p>\n\n\n\n<p>En representaci\u00f3n de los docentes reconocidos, Jos\u00e9 Efra\u00edn Garay Torres manifest\u00f3 su gratitud por el reconocimiento y resalt\u00f3 el esfuerzo y dedicaci\u00f3n de sus colegas en la promoci\u00f3n de valores como el respeto y la cultura del esfuerzo a trav\u00e9s del deporte. Agradeci\u00f3 tambi\u00e9n al sector 03 de educaci\u00f3n f\u00edsica, a los maestros galardonados y al Ayuntamiento de Soledad de Graciano S\u00e1nchez por su apoyo.<\/p>\n\n\n\n<p>&#8220;La educaci\u00f3n f\u00edsica no solo fomenta la actividad deportiva, sino que tambi\u00e9n inculca valores importantes como el respeto y la perseverancia,&#8221; coment\u00f3 Garay Torres.<\/p>\n\n\n\n<p>Por su parte, Juan Pablo L\u00f3pez Corpus, jefe del departamento de Educaci\u00f3n F\u00edsica de la Secretar\u00eda de Educaci\u00f3n, destac\u00f3 la relevancia hist\u00f3rica de la educaci\u00f3n f\u00edsica en la formaci\u00f3n integral de los estudiantes y su papel en la nueva escuela mexicana y los programas educativos actuales. &#8220;La educaci\u00f3n f\u00edsica ha sido y sigue siendo una disciplina clave para el desarrollo de habilidades a trav\u00e9s del deporte y la recreaci\u00f3n,&#8221; expres\u00f3 L\u00f3pez Corpus.<\/p>\n\n\n\n<p>Durante la ceremonia, Jos\u00e9 Juan Castro Castillo, director de Educaci\u00f3n y Acci\u00f3n C\u00edvica del municipio, recibi\u00f3 un reconocimiento especial en nombre de la Direcci\u00f3n de Educaci\u00f3n B\u00e1sica y Supervisi\u00f3n de Educaci\u00f3n F\u00edsica de Soledad de Graciano S\u00e1nchez por su apoyo constante a los maestros de educaci\u00f3n f\u00edsica en diversas actividades pedag\u00f3gicas, deportivas y c\u00edvicas.<\/p>\n\n\n\n<p>El evento cont\u00f3 con la presencia del secretario General del Ayuntamiento, Benjam\u00edn P\u00e9rez \u00c1lvarez; la Presidenta del Sistema Municipal para el Desarrollo Integral de la Familia (DIF), Mar\u00eda del Pilar Cardona Reyna; la Contralora Interna, Mariana S\u00e1nchez Mart\u00ednez; H\u00e9ctor Cavazos M\u00e9ndez, jefe del sector 23; Luis Fernando Loredo Castillo, representante de la secci\u00f3n 26 del Sindicato Nacional de Trabajadores de la Educaci\u00f3n (SNTE); Mar\u00eda de la Luz Zapata Hern\u00e1ndez, supervisora del sector 5 de preescolar; Elda Osuna Mart\u00ednez, jefa del sector 17 de preescolar; y Mario Juan Mor\u00e1n Gast\u00f3n del sector 13 de educaci\u00f3n f\u00edsica.<\/p>\n","protected":false},"excerpt":{"rendered":"<p>En una ceremonia llevada a cabo en el Auditorio Municipal, el Ayuntamiento de Soledad de Graciano S\u00e1nchez otorg\u00f3 reconocimientos a m\u00e1s de 40 docentes de educaci\u00f3n f\u00edsica por su destacada labor durante el ciclo escolar 2023-2024. Los homenajeados se destacaron en disciplinas como ajedrez, atletismo, baloncesto, f\u00fatbol, balonmano, voleibol, b\u00e9isbol, juegos tradicionales, matrogimnasia y educaci\u00f3n [&hellip;]<\/p>\n","protected":false},"author":2,"featured_media":11333,"comment_status":"open","ping_status":"open","sticky":false,"template":"","format":"standard","meta":{"footnotes":""},"categories":[1,24,21],"tags":[2368,2222,2469,1808,261,27],"class_list":{"0":"post-11332","1":"post","2":"type-post","3":"status-publish","4":"format-standard","5":"has-post-thumbnail","7":"category-destacadas","8":"category-informacion-general","9":"category-tu-soledad","10":"tag-ayuntamiento","11":"tag-docentes","12":"tag-docentes-deportivos","13":"tag-reconocimiento","14":"tag-slp","15":"tag-soledad"},"_links":{"self":[{"href":"https:\/\/cronicadesoledad.com\/index.php\/wp-json\/wp\/v2\/posts\/11332","targetHints":{"allow":["GET"]}}],"collection":[{"href":"https:\/\/cronicadesoledad.com\/index.php\/wp-json\/wp\/v2\/posts"}],"about":[{"href":"https:\/\/cronicadesoledad.com\/index.php\/wp-json\/wp\/v2\/types\/post"}],"author":[{"embeddable":true,"href":"https:\/\/cronicadesoledad.com\/index.php\/wp-json\/wp\/v2\/users\/2"}],"replies":[{"embeddable":true,"href":"https:\/\/cronicadesoledad.com\/index.php\/wp-json\/wp\/v2\/comments?post=11332"}],"version-history":[{"count":1,"href":"https:\/\/cronicadesoledad.com\/index.php\/wp-json\/wp\/v2\/posts\/11332\/revisions"}],"predecessor-version":[{"id":11334,"href":"https:\/\/cronicadesoledad.com\/index.php\/wp-json\/wp\/v2\/posts\/11332\/revisions\/11334"}],"wp:featuredmedia":[{"embeddable":true,"href":"https:\/\/cronicadesoledad.com\/index.php\/wp-json\/wp\/v2\/media\/11333"}],"wp:attachment":[{"href":"https:\/\/cronicadesoledad.com\/index.php\/wp-json\/wp\/v2\/media?parent=11332"}],"wp:term":[{"taxonomy":"category","embeddable":true,"href":"https:\/\/cronicadesoledad.com\/index.php\/wp-json\/wp\/v2\/categories?post=11332"},{"taxonomy":"post_tag","embeddable":true,"href":"https:\/\/cronicadesoledad.com\/index.php\/wp-json\/wp\/v2\/tags?post=11332"}],"curies":[{"name":"wp","href":"https:\/\/api.w.org\/{rel}","templated":true}]}}