{"id":11345,"date":"2024-07-08T15:34:18","date_gmt":"2024-07-08T21:34:18","guid":{"rendered":"https:\/\/cronicadesoledad.com\/?p=11345"},"modified":"2024-07-08T15:34:19","modified_gmt":"2024-07-08T21:34:19","slug":"la-guardia-civil-de-soledad-se-fortalece","status":"publish","type":"post","link":"https:\/\/cronicadesoledad.com\/index.php\/2024\/07\/08\/la-guardia-civil-de-soledad-se-fortalece\/","title":{"rendered":"La Guardia Civil de Soledad se fortalece"},"content":{"rendered":"\n<p>La Guardia Civil Municipal (GCM) ha reemplazado a la Direcci\u00f3n General de Seguridad P\u00fablica Municipal (DGSPM) en Soledad de Graciano S\u00e1nchez, con la intenci\u00f3n de mejorar la colaboraci\u00f3n en seguridad con el Estado. Esta transformaci\u00f3n busca alinear estrategias preventivas, adem\u00e1s de proporcionar mejor capacitaci\u00f3n, equipo, veh\u00edculos y salarios competitivos para el personal. Los regidores del Ayuntamiento aprobaron la propuesta de manera un\u00e1nime.<\/p>\n\n\n\n<p>La regidora Patricia Cuevas Ovalle del Partido Verde Ecologista de M\u00e9xico (PVEM) destac\u00f3 que esta medida traer\u00e1 beneficios en la modernizaci\u00f3n y profesionalizaci\u00f3n de la polic\u00eda local. Cuevas subray\u00f3 que los agentes recibir\u00e1n una formaci\u00f3n m\u00e1s completa, nuevos uniformes y una disciplina adecuada para atender a la ciudadan\u00eda.<\/p>\n\n\n\n<p>Por su parte, Antonio Zamarripa, tambi\u00e9n del PVEM, respald\u00f3 la iniciativa, se\u00f1alando que es crucial para mejorar la seguridad en Soledad. Zamarripa mencion\u00f3 que este cambio implica no solo un aumento en el n\u00famero de polic\u00edas, sino tambi\u00e9n una mejora en su profesionalismo y eficacia.<\/p>\n\n\n\n<p>La regidora Yazm\u00edn Luna Barrios, del PVEM, destac\u00f3 que la unificaci\u00f3n de las fuerzas de seguridad municipales y estatales permitir\u00e1 una mayor efectividad en las acciones de prevenci\u00f3n del delito. Luna expres\u00f3 su esperanza de que la ciudadan\u00eda se sienta m\u00e1s segura con la presencia de un mayor n\u00famero de polic\u00edas capacitados y equipados.<\/p>\n\n\n\n<p>Desde Movimiento Regeneraci\u00f3n Nacional (MORENA), el regidor Juan Miranda L\u00f3pez apoy\u00f3 el cambio y subray\u00f3 la necesidad de una estrategia de seguridad efectiva y la mejora de las condiciones laborales de los polic\u00edas. Miranda enfatiz\u00f3 que una coordinaci\u00f3n m\u00e1s estrecha entre los diferentes cuerpos de seguridad es esencial para ofrecer un mejor servicio a la comunidad.<\/p>\n\n\n\n<p>Sebasti\u00e1n Campos Amaro del Partido Acci\u00f3n Nacional (PAN) afirm\u00f3 que se supervisar\u00e1 la implementaci\u00f3n de esta estrategia para asegurar que realmente beneficie la seguridad de los habitantes de Soledad de Graciano S\u00e1nchez. Campos destac\u00f3 la importancia de la confianza en la administraci\u00f3n municipal para trabajar en pro de la seguridad comunitaria.<\/p>\n","protected":false},"excerpt":{"rendered":"<p>La Guardia Civil Municipal (GCM) ha reemplazado a la Direcci\u00f3n General de Seguridad P\u00fablica Municipal (DGSPM) en Soledad de Graciano S\u00e1nchez, con la intenci\u00f3n de mejorar la colaboraci\u00f3n en seguridad con el Estado. Esta transformaci\u00f3n busca alinear estrategias preventivas, adem\u00e1s de proporcionar mejor capacitaci\u00f3n, equipo, veh\u00edculos y salarios competitivos para el personal. Los regidores del [&hellip;]<\/p>\n","protected":false},"author":2,"featured_media":11346,"comment_status":"open","ping_status":"open","sticky":false,"template":"","format":"standard","meta":{"footnotes":""},"categories":[1,24],"tags":[2392,2474,2475,2239,989,1506,261,27],"class_list":{"0":"post-11345","1":"post","2":"type-post","3":"status-publish","4":"format-standard","5":"has-post-thumbnail","7":"category-destacadas","8":"category-informacion-general","9":"tag-dgspm","10":"tag-fortalece","11":"tag-gcm","12":"tag-morena","13":"tag-pan","14":"tag-pvem","15":"tag-slp","16":"tag-soledad"},"_links":{"self":[{"href":"https:\/\/cronicadesoledad.com\/index.php\/wp-json\/wp\/v2\/posts\/11345","targetHints":{"allow":["GET"]}}],"collection":[{"href":"https:\/\/cronicadesoledad.com\/index.php\/wp-json\/wp\/v2\/posts"}],"about":[{"href":"https:\/\/cronicadesoledad.com\/index.php\/wp-json\/wp\/v2\/types\/post"}],"author":[{"embeddable":true,"href":"https:\/\/cronicadesoledad.com\/index.php\/wp-json\/wp\/v2\/users\/2"}],"replies":[{"embeddable":true,"href":"https:\/\/cronicadesoledad.com\/index.php\/wp-json\/wp\/v2\/comments?post=11345"}],"version-history":[{"count":1,"href":"https:\/\/cronicadesoledad.com\/index.php\/wp-json\/wp\/v2\/posts\/11345\/revisions"}],"predecessor-version":[{"id":11347,"href":"https:\/\/cronicadesoledad.com\/index.php\/wp-json\/wp\/v2\/posts\/11345\/revisions\/11347"}],"wp:featuredmedia":[{"embeddable":true,"href":"https:\/\/cronicadesoledad.com\/index.php\/wp-json\/wp\/v2\/media\/11346"}],"wp:attachment":[{"href":"https:\/\/cronicadesoledad.com\/index.php\/wp-json\/wp\/v2\/media?parent=11345"}],"wp:term":[{"taxonomy":"category","embeddable":true,"href":"https:\/\/cronicadesoledad.com\/index.php\/wp-json\/wp\/v2\/categories?post=11345"},{"taxonomy":"post_tag","embeddable":true,"href":"https:\/\/cronicadesoledad.com\/index.php\/wp-json\/wp\/v2\/tags?post=11345"}],"curies":[{"name":"wp","href":"https:\/\/api.w.org\/{rel}","templated":true}]}}