{"id":11351,"date":"2024-07-08T16:18:27","date_gmt":"2024-07-08T22:18:27","guid":{"rendered":"https:\/\/cronicadesoledad.com\/?p=11351"},"modified":"2024-07-08T16:18:27","modified_gmt":"2024-07-08T22:18:27","slug":"inicia-curso-de-regularizacion","status":"publish","type":"post","link":"https:\/\/cronicadesoledad.com\/index.php\/2024\/07\/08\/inicia-curso-de-regularizacion\/","title":{"rendered":"Inicia curso de regularizaci\u00f3n"},"content":{"rendered":"\n<p>El lunes comenz\u00f3 el curso de regularizaci\u00f3n acad\u00e9mica para ni\u00f1os, ni\u00f1as y j\u00f3venes del municipio de Soledad de Graciano S\u00e1nchez. Organizado por la Direcci\u00f3n de Educaci\u00f3n y Acci\u00f3n C\u00edvica Municipal, este curso busca mejorar el rendimiento acad\u00e9mico de estudiantes de nivel b\u00e1sico. Debido a la alta participaci\u00f3n registrada desde el primer d\u00eda, se consider\u00f3 ampliar la capacidad del espacio e incluso cambiar de sede.<\/p>\n\n\n\n<p>Jos\u00e9 Juan Castro Castillo, director de Educaci\u00f3n y Acci\u00f3n C\u00edvica, inform\u00f3 que el cambio de sede a una escuela primaria se debe a la necesidad de m\u00e1s espacio. &#8220;Hoy hemos recibido aproximadamente a 45 estudiantes, y necesitamos ampliar nuestras instalaciones para garantizar un ambiente adecuado para el aprendizaje y la atenci\u00f3n personalizada&#8221;, explic\u00f3 el director.<\/p>\n\n\n\n<p>El curso tiene como objetivo principal mejorar el rendimiento acad\u00e9mico, abordando tambi\u00e9n aspectos socioemocionales que puedan estar afectando el desempe\u00f1o escolar. El programa incluye el trabajo con psic\u00f3logos educativos y pedagogos para identificar las razones detr\u00e1s del bajo rendimiento escolar.<\/p>\n\n\n\n<p>Como parte del esfuerzo municipal por promover una &#8220;Escuela Segura&#8221;, el programa incluye evaluaciones psicol\u00f3gicas y entrevistas con padres de familia para identificar posibles barreras al aprendizaje. &#8220;Es fundamental entender las situaciones que afectan a nuestros estudiantes, por eso solicitamos a los padres que nos proporcionen informaci\u00f3n detallada sobre las circunstancias pedag\u00f3gicas de sus hijos, para poder dise\u00f1ar estrategias efectivas de apoyo&#8221;, a\u00f1adi\u00f3 el director.<\/p>\n\n\n\n<p>Los cursos se llevar\u00e1n a cabo durante todo el periodo vacacional, de lunes a viernes, de 9 de la ma\u00f1ana a 12 del d\u00eda. La intenci\u00f3n es continuar ofreciendo apoyo a lo largo del ciclo escolar, asegurando que los estudiantes tengan las mejores oportunidades desde primaria hasta tercer grado de secundaria.<\/p>\n","protected":false},"excerpt":{"rendered":"<p>El lunes comenz\u00f3 el curso de regularizaci\u00f3n acad\u00e9mica para ni\u00f1os, ni\u00f1as y j\u00f3venes del municipio de Soledad de Graciano S\u00e1nchez. Organizado por la Direcci\u00f3n de Educaci\u00f3n y Acci\u00f3n C\u00edvica Municipal, este curso busca mejorar el rendimiento acad\u00e9mico de estudiantes de nivel b\u00e1sico. Debido a la alta participaci\u00f3n registrada desde el primer d\u00eda, se consider\u00f3 ampliar [&hellip;]<\/p>\n","protected":false},"author":2,"featured_media":11352,"comment_status":"open","ping_status":"open","sticky":false,"template":"","format":"standard","meta":{"footnotes":""},"categories":[1,24],"tags":[1869,2478,320,256,261,27],"class_list":{"0":"post-11351","1":"post","2":"type-post","3":"status-publish","4":"format-standard","5":"has-post-thumbnail","7":"category-destacadas","8":"category-informacion-general","9":"tag-curso","10":"tag-curso-de-regularizacion","11":"tag-educacion","12":"tag-estudiantes","13":"tag-slp","14":"tag-soledad"},"_links":{"self":[{"href":"https:\/\/cronicadesoledad.com\/index.php\/wp-json\/wp\/v2\/posts\/11351","targetHints":{"allow":["GET"]}}],"collection":[{"href":"https:\/\/cronicadesoledad.com\/index.php\/wp-json\/wp\/v2\/posts"}],"about":[{"href":"https:\/\/cronicadesoledad.com\/index.php\/wp-json\/wp\/v2\/types\/post"}],"author":[{"embeddable":true,"href":"https:\/\/cronicadesoledad.com\/index.php\/wp-json\/wp\/v2\/users\/2"}],"replies":[{"embeddable":true,"href":"https:\/\/cronicadesoledad.com\/index.php\/wp-json\/wp\/v2\/comments?post=11351"}],"version-history":[{"count":1,"href":"https:\/\/cronicadesoledad.com\/index.php\/wp-json\/wp\/v2\/posts\/11351\/revisions"}],"predecessor-version":[{"id":11353,"href":"https:\/\/cronicadesoledad.com\/index.php\/wp-json\/wp\/v2\/posts\/11351\/revisions\/11353"}],"wp:featuredmedia":[{"embeddable":true,"href":"https:\/\/cronicadesoledad.com\/index.php\/wp-json\/wp\/v2\/media\/11352"}],"wp:attachment":[{"href":"https:\/\/cronicadesoledad.com\/index.php\/wp-json\/wp\/v2\/media?parent=11351"}],"wp:term":[{"taxonomy":"category","embeddable":true,"href":"https:\/\/cronicadesoledad.com\/index.php\/wp-json\/wp\/v2\/categories?post=11351"},{"taxonomy":"post_tag","embeddable":true,"href":"https:\/\/cronicadesoledad.com\/index.php\/wp-json\/wp\/v2\/tags?post=11351"}],"curies":[{"name":"wp","href":"https:\/\/api.w.org\/{rel}","templated":true}]}}