{"id":11375,"date":"2024-07-10T14:43:29","date_gmt":"2024-07-10T20:43:29","guid":{"rendered":"https:\/\/cronicadesoledad.com\/?p=11375"},"modified":"2024-07-10T22:02:17","modified_gmt":"2024-07-11T04:02:17","slug":"dif-soledad-expande-servicios-de-rehabilitacion","status":"publish","type":"post","link":"https:\/\/cronicadesoledad.com\/index.php\/2024\/07\/10\/dif-soledad-expande-servicios-de-rehabilitacion\/","title":{"rendered":"DIF soledense expande servicios de rehabilitaci\u00f3n"},"content":{"rendered":"\n<p>El Sistema Municipal para el Desarrollo Integral de la Familia (DIF) de Soledad de Graciano S\u00e1nchez ha ampliado significativamente su capacidad de atenci\u00f3n en la Unidad B\u00e1sica de Rehabilitaci\u00f3n (UBR) 2, gracias a una generosa donaci\u00f3n de equipamiento por parte del Centro de Rehabilitaci\u00f3n y Educaci\u00f3n Especial (CREE) del Sistema DIF Estatal.<\/p>\n\n\n\n<p>Entre los nuevos equipos recibidos se destacan una Mesa de Kanavel, un bipedestador, tinas de hidromasaje para extremidades, paneles sensoriales y concentradores de ox\u00edgeno, elementos fundamentales para mejorar las terapias f\u00edsicas ofrecidas a los pacientes.<\/p>\n\n\n\n<p>Mar\u00eda del Pilar Cardona Reyna, presidenta del DIF Municipal, expres\u00f3 su agradecimiento y subray\u00f3 la importancia de esta donaci\u00f3n para fortalecer los servicios de rehabilitaci\u00f3n en el municipio. &#8220;La visita de la directora general del DIF Estatal para la entrega de este equipo es un paso significativo. Actualmente atendemos a alrededor de 120 pacientes y este equipamiento nos permitir\u00e1 expandir nuestras capacidades para ofrecer tratamientos m\u00e1s completos&#8221;, enfatiz\u00f3.<\/p>\n\n\n\n<p>Por su parte, Alma Roc\u00edo Hern\u00e1ndez Ortiz, coordinadora del CREE, destac\u00f3 el compromiso del Gobernador del Estado para mejorar la infraestructura de rehabilitaci\u00f3n en la regi\u00f3n. &#8220;En los \u00faltimos dos a\u00f1os y medio, hemos logrado posicionar a la UBR en un padr\u00f3n nacional, facilitando as\u00ed la adquisici\u00f3n de equipamiento crucial como el recibido hoy. Continuaremos trabajando para traer m\u00e1s recursos a la UBR 2&#8221;, asegur\u00f3.<\/p>\n\n\n\n<p>Virginia Z\u00fa\u00f1iga, directora del DIF Estatal, resalt\u00f3 la importancia de la modernizaci\u00f3n de las UBR en todo el estado. &#8220;Estas mejoras no solo beneficiar\u00e1n la salud y rehabilitaci\u00f3n de los pacientes y sus familias, sino que tambi\u00e9n fortalecer\u00e1n nuestros servicios para personas con discapacidades temporales o permanentes&#8221;.<\/p>\n\n\n\n<p>Adem\u00e1s del equipamiento m\u00e9dico y t\u00e9cnico de \u00faltima generaci\u00f3n, tambi\u00e9n se recibieron apoyos t\u00e9cnicos como sillas de ruedas, muletas y carreolas especiales, contribuyendo as\u00ed a mejorar la calidad de vida de las personas con discapacidad en Soledad.<\/p>\n","protected":false},"excerpt":{"rendered":"<p>El Sistema Municipal para el Desarrollo Integral de la Familia (DIF) de Soledad de Graciano S\u00e1nchez ha ampliado significativamente su capacidad de atenci\u00f3n en la Unidad B\u00e1sica de Rehabilitaci\u00f3n (UBR) 2, gracias a una generosa donaci\u00f3n de equipamiento por parte del Centro de Rehabilitaci\u00f3n y Educaci\u00f3n Especial (CREE) del Sistema DIF Estatal. Entre los nuevos [&hellip;]<\/p>\n","protected":false},"author":2,"featured_media":11376,"comment_status":"open","ping_status":"open","sticky":false,"template":"","format":"standard","meta":{"footnotes":""},"categories":[1,24,21],"tags":[2486,387,2487,261,27,1124],"class_list":{"0":"post-11375","1":"post","2":"type-post","3":"status-publish","4":"format-standard","5":"has-post-thumbnail","7":"category-destacadas","8":"category-informacion-general","9":"category-tu-soledad","10":"tag-cree","11":"tag-dif","12":"tag-rehabilitacion","13":"tag-slp","14":"tag-soledad","15":"tag-ubr"},"_links":{"self":[{"href":"https:\/\/cronicadesoledad.com\/index.php\/wp-json\/wp\/v2\/posts\/11375","targetHints":{"allow":["GET"]}}],"collection":[{"href":"https:\/\/cronicadesoledad.com\/index.php\/wp-json\/wp\/v2\/posts"}],"about":[{"href":"https:\/\/cronicadesoledad.com\/index.php\/wp-json\/wp\/v2\/types\/post"}],"author":[{"embeddable":true,"href":"https:\/\/cronicadesoledad.com\/index.php\/wp-json\/wp\/v2\/users\/2"}],"replies":[{"embeddable":true,"href":"https:\/\/cronicadesoledad.com\/index.php\/wp-json\/wp\/v2\/comments?post=11375"}],"version-history":[{"count":2,"href":"https:\/\/cronicadesoledad.com\/index.php\/wp-json\/wp\/v2\/posts\/11375\/revisions"}],"predecessor-version":[{"id":11382,"href":"https:\/\/cronicadesoledad.com\/index.php\/wp-json\/wp\/v2\/posts\/11375\/revisions\/11382"}],"wp:featuredmedia":[{"embeddable":true,"href":"https:\/\/cronicadesoledad.com\/index.php\/wp-json\/wp\/v2\/media\/11376"}],"wp:attachment":[{"href":"https:\/\/cronicadesoledad.com\/index.php\/wp-json\/wp\/v2\/media?parent=11375"}],"wp:term":[{"taxonomy":"category","embeddable":true,"href":"https:\/\/cronicadesoledad.com\/index.php\/wp-json\/wp\/v2\/categories?post=11375"},{"taxonomy":"post_tag","embeddable":true,"href":"https:\/\/cronicadesoledad.com\/index.php\/wp-json\/wp\/v2\/tags?post=11375"}],"curies":[{"name":"wp","href":"https:\/\/api.w.org\/{rel}","templated":true}]}}