{"id":11378,"date":"2024-07-10T19:42:15","date_gmt":"2024-07-11T01:42:15","guid":{"rendered":"https:\/\/cronicadesoledad.com\/?p=11378"},"modified":"2024-07-10T22:02:04","modified_gmt":"2024-07-11T04:02:04","slug":"ayuntamiento-de-soledad-promueve-foro-de-consulta-para-personas-con-discapacidad","status":"publish","type":"post","link":"https:\/\/cronicadesoledad.com\/index.php\/2024\/07\/10\/ayuntamiento-de-soledad-promueve-foro-de-consulta-para-personas-con-discapacidad\/","title":{"rendered":"Ayuntamiento promueve foro de Consulta para Personas con Discapacidad"},"content":{"rendered":"\n<p>En un esfuerzo por fortalecer la inclusi\u00f3n y la participaci\u00f3n ciudadana, el Ayuntamiento de Soledad de Graciano S\u00e1nchez celebr\u00f3 su tercer Foro de Consulta P\u00fablica destinado a personas con discapacidad. El evento, convocado por el Comit\u00e9 de Planeaci\u00f3n para el Desarrollo del Estado (COPLADE), tuvo lugar este mi\u00e9rcoles con una asistencia significativa por parte de la comunidad.<\/p>\n\n\n\n<p>La Alcaldesa Interina, Araceli Mart\u00ednez P\u00e9rez, destac\u00f3 la importancia de estos espacios de di\u00e1logo, donde aproximadamente 300 personas, acompa\u00f1adas de ni\u00f1os, adultos mayores y familiares, tuvieron la oportunidad de expresar sus necesidades y propuestas. Entre los temas recurrentes que surgieron se encuentran la accesibilidad en el transporte p\u00fablico, mejoras en infraestructura urbana para facilitar la movilidad y la creaci\u00f3n de m\u00e1s espacios inclusivos como cruces peatonales y estacionamientos adaptados.<\/p>\n\n\n\n<p>&#8220;Es fundamental escuchar y actuar conforme a las necesidades reales de nuestra comunidad. Estos foros nos permiten no solo conocer las demandas, sino tambi\u00e9n trabajar de manera conjunta para implementar soluciones efectivas que mejoren la vida diaria de las personas con discapacidad en nuestro municipio&#8221;, afirm\u00f3 Mart\u00ednez P\u00e9rez durante su intervenci\u00f3n.<\/p>\n\n\n\n<p>El proceso de consulta no solo fue informativo, sino tambi\u00e9n pr\u00e1ctico. Durante el evento, se estableci\u00f3 una mesa de atenci\u00f3n donde representantes de diversas \u00e1reas municipales y empresas inclusivas ofrecieron asesor\u00eda personalizada y oportunidades laborales adaptadas a las capacidades de las personas con discapacidad presentes.<\/p>\n\n\n\n<p>Adem\u00e1s, el Sistema Municipal para el Desarrollo Integral de la Familia (DIF) desempe\u00f1\u00f3 un papel crucial al atender solicitudes espec\u00edficas para ayudas t\u00e9cnicas como sillas de ruedas, andaderas, bastones y pr\u00f3tesis. Esta acci\u00f3n reafirma el compromiso de Soledad de Graciano S\u00e1nchez por asegurar que todos sus ciudadanos, sin importar sus capacidades f\u00edsicas, tengan acceso equitativo a los recursos y servicios necesarios para llevar una vida plena y digna.<\/p>\n\n\n\n<p>El Ayuntamiento se comprometi\u00f3 a integrar las conclusiones y recomendaciones derivadas de este foro en el Plan Estatal de Desarrollo (PED 2021-2027), asegurando as\u00ed que las voces y necesidades de las personas con discapacidad sean debidamente consideradas en la formulaci\u00f3n de pol\u00edticas p\u00fablicas locales y estatales.<\/p>\n","protected":false},"excerpt":{"rendered":"<p>En un esfuerzo por fortalecer la inclusi\u00f3n y la participaci\u00f3n ciudadana, el Ayuntamiento de Soledad de Graciano S\u00e1nchez celebr\u00f3 su tercer Foro de Consulta P\u00fablica destinado a personas con discapacidad. El evento, convocado por el Comit\u00e9 de Planeaci\u00f3n para el Desarrollo del Estado (COPLADE), tuvo lugar este mi\u00e9rcoles con una asistencia significativa por parte de [&hellip;]<\/p>\n","protected":false},"author":2,"featured_media":11379,"comment_status":"open","ping_status":"open","sticky":false,"template":"","format":"standard","meta":{"footnotes":""},"categories":[1,24,21],"tags":[2368,2450,2488,1239,261,27],"class_list":{"0":"post-11378","1":"post","2":"type-post","3":"status-publish","4":"format-standard","5":"has-post-thumbnail","7":"category-destacadas","8":"category-informacion-general","9":"category-tu-soledad","10":"tag-ayuntamiento","11":"tag-coplade","12":"tag-foro-de-consulta","13":"tag-personas-con-discapacidad","14":"tag-slp","15":"tag-soledad"},"_links":{"self":[{"href":"https:\/\/cronicadesoledad.com\/index.php\/wp-json\/wp\/v2\/posts\/11378","targetHints":{"allow":["GET"]}}],"collection":[{"href":"https:\/\/cronicadesoledad.com\/index.php\/wp-json\/wp\/v2\/posts"}],"about":[{"href":"https:\/\/cronicadesoledad.com\/index.php\/wp-json\/wp\/v2\/types\/post"}],"author":[{"embeddable":true,"href":"https:\/\/cronicadesoledad.com\/index.php\/wp-json\/wp\/v2\/users\/2"}],"replies":[{"embeddable":true,"href":"https:\/\/cronicadesoledad.com\/index.php\/wp-json\/wp\/v2\/comments?post=11378"}],"version-history":[{"count":2,"href":"https:\/\/cronicadesoledad.com\/index.php\/wp-json\/wp\/v2\/posts\/11378\/revisions"}],"predecessor-version":[{"id":11381,"href":"https:\/\/cronicadesoledad.com\/index.php\/wp-json\/wp\/v2\/posts\/11378\/revisions\/11381"}],"wp:featuredmedia":[{"embeddable":true,"href":"https:\/\/cronicadesoledad.com\/index.php\/wp-json\/wp\/v2\/media\/11379"}],"wp:attachment":[{"href":"https:\/\/cronicadesoledad.com\/index.php\/wp-json\/wp\/v2\/media?parent=11378"}],"wp:term":[{"taxonomy":"category","embeddable":true,"href":"https:\/\/cronicadesoledad.com\/index.php\/wp-json\/wp\/v2\/categories?post=11378"},{"taxonomy":"post_tag","embeddable":true,"href":"https:\/\/cronicadesoledad.com\/index.php\/wp-json\/wp\/v2\/tags?post=11378"}],"curies":[{"name":"wp","href":"https:\/\/api.w.org\/{rel}","templated":true}]}}