{"id":11383,"date":"2024-07-10T22:03:32","date_gmt":"2024-07-11T04:03:32","guid":{"rendered":"https:\/\/cronicadesoledad.com\/?p=11383"},"modified":"2024-07-10T22:03:32","modified_gmt":"2024-07-11T04:03:32","slug":"guardia-civil-municipal-apegada-a-demandas-actuales-en-materia-de-seguridad","status":"publish","type":"post","link":"https:\/\/cronicadesoledad.com\/index.php\/2024\/07\/10\/guardia-civil-municipal-apegada-a-demandas-actuales-en-materia-de-seguridad\/","title":{"rendered":"Guardia Civil Municipal, apegada a demandas actuales en materia de seguridad"},"content":{"rendered":"\n<p>Con un cuerpo policial m\u00e1s sensible y preparado, con fiel y comprometida vocaci\u00f3n de servicio a favor de la protecci\u00f3n de la ciudadan\u00eda, es como la Guardia Civil Municipal (GCM) de Soledad de Graciano S\u00e1nchez inicia su nueva etapa operativa y de proximidad social, convirti\u00e9ndose en un modelo apegado a los requerimientos actuales en materia de paz y tranquilidad, mencion\u00f3 el secretario General del Ayuntamiento, Benjam\u00edn P\u00e9rez \u00c1lvarez, quien asegur\u00f3 que se trata de una profunda reestructuraci\u00f3n que en pr\u00f3ximas semanas se reflejar\u00e1 en las calles y avenidas del municipio.<\/p>\n\n\n\n<p>El funcionario municipal afirm\u00f3 que uno de los objetivos principales de esta corporaci\u00f3n es fortalecer las \u00e1reas de proximidad y prevenci\u00f3n, destacando la importancia de contar con una polic\u00eda m\u00e1s humana y con una mejor capacitaci\u00f3n en derechos humanos, ya que &#8220;las y los soledenses as\u00ed lo merecen&#8221;. Con este enfoque, se busca que las y los elementos de la corporaci\u00f3n est\u00e9n mejor preparados en \u00e1reas clave como la proximidad, la prevenci\u00f3n, la reacci\u00f3n y, sobre todo, en el respeto a los derechos humanos.<\/p>\n\n\n\n<p>&#8220;Le vamos a dar \u00e9nfasis a un trato sensible y cercano, como se merecen todas las y los ciudadanos&#8221;, adem\u00e1s de que este cambio se alinea con el nuevo modelo de seguridad nacional, armonizando las normativas y legislaciones federales y locales para asegurar una implementaci\u00f3n coherente y efectiva, asegur\u00f3 P\u00e9rez \u00c1lvarez.<\/p>\n\n\n\n<p>Reconoci\u00f3 la iniciativa del Gobernador del Estado, Ricardo Gallardo Cardona, de haber iniciado con un cambio estructural, jur\u00eddico y operativo de la antigua Seguridad P\u00fablica del Estado a Guardia Civil Estatal, lo que ha llevado a Soledad de Graciano S\u00e1nchez a hacer lo mismo y fortalecer y cuadrar las acciones de combate de la delincuencia.<\/p>\n\n\n\n<p>Uno de los beneficios m\u00e1s notables de esta reestructuraci\u00f3n es la mejora de los niveles salariales para las y los elementos de seguridad, los cuales ya se est\u00e1n ministrando todo el personal operativo, adem\u00e1s de que se sumar\u00e1 un fortalecimiento del equipo t\u00e1ctico y la capacitaci\u00f3n continua.<\/p>\n\n\n\n<p>Este nuevo modelo busca dejar atr\u00e1s el antiguo esquema de seguridad, considerado ya obsoleto, y adaptarse a las necesidades actuales del municipio, demostrando con ello el compromiso del Ayuntamiento con la seguridad y el bienestar de su ciudadan\u00eda, avanzando hacia un modelo m\u00e1s moderno y efectivo.<\/p>\n","protected":false},"excerpt":{"rendered":"<p>Con un cuerpo policial m\u00e1s sensible y preparado, con fiel y comprometida vocaci\u00f3n de servicio a favor de la protecci\u00f3n de la ciudadan\u00eda, es como la Guardia Civil Municipal (GCM) de Soledad de Graciano S\u00e1nchez inicia su nueva etapa operativa y de proximidad social, convirti\u00e9ndose en un modelo apegado a los requerimientos actuales en materia [&hellip;]<\/p>\n","protected":false},"author":2,"featured_media":11384,"comment_status":"open","ping_status":"open","sticky":false,"template":"","format":"standard","meta":{"footnotes":""},"categories":[24,19,21],"tags":[223,2435,294,276,261,27],"class_list":{"0":"post-11383","1":"post","2":"type-post","3":"status-publish","4":"format-standard","5":"has-post-thumbnail","7":"category-informacion-general","8":"category-seguridad","9":"category-tu-soledad","10":"tag-ayuntamiento-soledense","11":"tag-guardia-municipal","12":"tag-san-luis","13":"tag-seguridad","14":"tag-slp","15":"tag-soledad"},"_links":{"self":[{"href":"https:\/\/cronicadesoledad.com\/index.php\/wp-json\/wp\/v2\/posts\/11383","targetHints":{"allow":["GET"]}}],"collection":[{"href":"https:\/\/cronicadesoledad.com\/index.php\/wp-json\/wp\/v2\/posts"}],"about":[{"href":"https:\/\/cronicadesoledad.com\/index.php\/wp-json\/wp\/v2\/types\/post"}],"author":[{"embeddable":true,"href":"https:\/\/cronicadesoledad.com\/index.php\/wp-json\/wp\/v2\/users\/2"}],"replies":[{"embeddable":true,"href":"https:\/\/cronicadesoledad.com\/index.php\/wp-json\/wp\/v2\/comments?post=11383"}],"version-history":[{"count":1,"href":"https:\/\/cronicadesoledad.com\/index.php\/wp-json\/wp\/v2\/posts\/11383\/revisions"}],"predecessor-version":[{"id":11385,"href":"https:\/\/cronicadesoledad.com\/index.php\/wp-json\/wp\/v2\/posts\/11383\/revisions\/11385"}],"wp:featuredmedia":[{"embeddable":true,"href":"https:\/\/cronicadesoledad.com\/index.php\/wp-json\/wp\/v2\/media\/11384"}],"wp:attachment":[{"href":"https:\/\/cronicadesoledad.com\/index.php\/wp-json\/wp\/v2\/media?parent=11383"}],"wp:term":[{"taxonomy":"category","embeddable":true,"href":"https:\/\/cronicadesoledad.com\/index.php\/wp-json\/wp\/v2\/categories?post=11383"},{"taxonomy":"post_tag","embeddable":true,"href":"https:\/\/cronicadesoledad.com\/index.php\/wp-json\/wp\/v2\/tags?post=11383"}],"curies":[{"name":"wp","href":"https:\/\/api.w.org\/{rel}","templated":true}]}}