{"id":11387,"date":"2024-07-11T12:45:23","date_gmt":"2024-07-11T18:45:23","guid":{"rendered":"https:\/\/cronicadesoledad.com\/?p=11387"},"modified":"2024-07-11T12:45:24","modified_gmt":"2024-07-11T18:45:24","slug":"aumento-de-desechos-en-drenajes-preocupa-a-autoridades","status":"publish","type":"post","link":"https:\/\/cronicadesoledad.com\/index.php\/2024\/07\/11\/aumento-de-desechos-en-drenajes-preocupa-a-autoridades\/","title":{"rendered":"Aumento de desechos en drenajes preocupa a autoridades"},"content":{"rendered":"\n<p>Conrado P\u00e9rez, Director de Servicios Municipales de Soledad de Graciano S\u00e1nchez, ha emitido una advertencia ante el creciente aumento de desechos que obstruyen los drenajes del municipio. P\u00e9rez hizo un llamado urgente a la poblaci\u00f3n para que cumpla con las normativas de sanidad y disponga adecuadamente de la basura, especialmente en vista de los desaf\u00edos que enfrenta la ciudad durante la temporada de lluvias.<\/p>\n\n\n\n<p>Las principales arterias como la Avenida San Pedro y la Avenida de los Pinos est\u00e1n experimentando una acumulaci\u00f3n de residuos, que van desde bolsas de basura hasta restos de materiales de construcci\u00f3n y muebles desechados. Esta situaci\u00f3n est\u00e1 causando obstrucciones en las alcantarillas y contribuyendo a los problemas de inundaci\u00f3n que aquejan a la comunidad.<\/p>\n\n\n\n<p>En las \u00faltimas semanas, se ha registrado un aumento del 25 por ciento en la cantidad de basura recolectada en estas \u00e1reas, lo cual ha exacerbado la situaci\u00f3n durante las recientes precipitaciones. P\u00e9rez expres\u00f3 su preocupaci\u00f3n por la r\u00e1pida acumulaci\u00f3n de desechos justo cuando es crucial mantener las v\u00edas despejadas para prevenir inundaciones.<\/p>\n\n\n\n<p>El funcionario municipal enfatiz\u00f3 que la acumulaci\u00f3n de basura est\u00e1 comprometiendo el sistema de drenaje urbano, resultando en encharcamientos y da\u00f1os estructurales en la ciudad. Ante esta emergencia, el municipio ha intensificado las campa\u00f1as educativas y ha aumentado la frecuencia de recolecci\u00f3n de basura en las zonas m\u00e1s afectadas.<\/p>\n\n\n\n<p>P\u00e9rez subray\u00f3 que estas medidas ser\u00e1n insuficientes sin la colaboraci\u00f3n activa y responsable de todos los ciudadanos. &#8220;Es imperativo que cada uno de nosotros asuma la responsabilidad de mantener limpio nuestro entorno. Esto no solo afecta la est\u00e9tica de nuestra comunidad, sino tambi\u00e9n la salud p\u00fablica y la seguridad de todos&#8221;, advirti\u00f3 P\u00e9rez.<\/p>\n\n\n\n<p>El Director de Servicios Municipales concluy\u00f3 instando a la ciudadan\u00eda a acatar las normativas vigentes y a adoptar pr\u00e1cticas responsables en el manejo de la basura. &#8220;Necesitamos un esfuerzo conjunto para abordar esta crisis de manera efectiva y proteger nuestro entorno urbano de futuros desaf\u00edos&#8221;, finaliz\u00f3 P\u00e9rez con un llamado urgente a la acci\u00f3n comunitaria.<\/p>\n","protected":false},"excerpt":{"rendered":"<p>Conrado P\u00e9rez, Director de Servicios Municipales de Soledad de Graciano S\u00e1nchez, ha emitido una advertencia ante el creciente aumento de desechos que obstruyen los drenajes del municipio. P\u00e9rez hizo un llamado urgente a la poblaci\u00f3n para que cumpla con las normativas de sanidad y disponga adecuadamente de la basura, especialmente en vista de los desaf\u00edos [&hellip;]<\/p>\n","protected":false},"author":2,"featured_media":11388,"comment_status":"open","ping_status":"open","sticky":false,"template":"","format":"standard","meta":{"footnotes":""},"categories":[24],"tags":[2490,2489,1474,2390,2362,261,27],"class_list":{"0":"post-11387","1":"post","2":"type-post","3":"status-publish","4":"format-standard","5":"has-post-thumbnail","7":"category-informacion-general","8":"tag-avenida-los-pinos","9":"tag-avenida-san-pedro","10":"tag-desechos","11":"tag-drenajes","12":"tag-municipio","13":"tag-slp","14":"tag-soledad"},"_links":{"self":[{"href":"https:\/\/cronicadesoledad.com\/index.php\/wp-json\/wp\/v2\/posts\/11387","targetHints":{"allow":["GET"]}}],"collection":[{"href":"https:\/\/cronicadesoledad.com\/index.php\/wp-json\/wp\/v2\/posts"}],"about":[{"href":"https:\/\/cronicadesoledad.com\/index.php\/wp-json\/wp\/v2\/types\/post"}],"author":[{"embeddable":true,"href":"https:\/\/cronicadesoledad.com\/index.php\/wp-json\/wp\/v2\/users\/2"}],"replies":[{"embeddable":true,"href":"https:\/\/cronicadesoledad.com\/index.php\/wp-json\/wp\/v2\/comments?post=11387"}],"version-history":[{"count":1,"href":"https:\/\/cronicadesoledad.com\/index.php\/wp-json\/wp\/v2\/posts\/11387\/revisions"}],"predecessor-version":[{"id":11389,"href":"https:\/\/cronicadesoledad.com\/index.php\/wp-json\/wp\/v2\/posts\/11387\/revisions\/11389"}],"wp:featuredmedia":[{"embeddable":true,"href":"https:\/\/cronicadesoledad.com\/index.php\/wp-json\/wp\/v2\/media\/11388"}],"wp:attachment":[{"href":"https:\/\/cronicadesoledad.com\/index.php\/wp-json\/wp\/v2\/media?parent=11387"}],"wp:term":[{"taxonomy":"category","embeddable":true,"href":"https:\/\/cronicadesoledad.com\/index.php\/wp-json\/wp\/v2\/categories?post=11387"},{"taxonomy":"post_tag","embeddable":true,"href":"https:\/\/cronicadesoledad.com\/index.php\/wp-json\/wp\/v2\/tags?post=11387"}],"curies":[{"name":"wp","href":"https:\/\/api.w.org\/{rel}","templated":true}]}}