{"id":11405,"date":"2024-07-12T13:30:48","date_gmt":"2024-07-12T19:30:48","guid":{"rendered":"https:\/\/cronicadesoledad.com\/?p=11405"},"modified":"2024-07-12T13:30:49","modified_gmt":"2024-07-12T19:30:49","slug":"ocurre-incidente-de-seguridad-en-primaria-de-soledad","status":"publish","type":"post","link":"https:\/\/cronicadesoledad.com\/index.php\/2024\/07\/12\/ocurre-incidente-de-seguridad-en-primaria-de-soledad\/","title":{"rendered":"Ocurre incidente de seguridad en primaria de Soledad"},"content":{"rendered":"\n<p>La polic\u00eda municipal ha intensificado los rondines de vigilancia en varios puntos estrat\u00e9gicos del municipio, tras registrar un &#8220;incidente&#8221; en la escuela primaria Jes\u00fas Silva Herzog ubicada en la colonia La Lomita.<\/p>\n\n\n\n<p>Jorge Ram\u00edrez Leyva, titular de la Direcci\u00f3n General de Seguridad P\u00fablica Municipal de Soledad de Graciano S\u00e1nchez, inform\u00f3 sobre el hecho ocurrido al inicio de las vacaciones, cuando dos j\u00f3venes fueron avistados dentro de las instalaciones escolares. La r\u00e1pida respuesta de la comunidad al alertar a las autoridades fue fundamental para evitar cualquier acto de robo o vandalismo.<\/p>\n\n\n\n<p>Ram\u00edrez Leyva destac\u00f3 la pronta intervenci\u00f3n de los vecinos y la efectividad de la polic\u00eda municipal, que logr\u00f3 evitar da\u00f1os significativos en la escuela. La Direcci\u00f3n de Educaci\u00f3n Municipal confirm\u00f3 que no se reportaron da\u00f1os materiales y agradeci\u00f3 la cooperaci\u00f3n de la comunidad en la protecci\u00f3n del plantel educativo.<\/p>\n\n\n\n<p>&#8220;Comenzando el periodo vacacional, tuvimos un incidente en el que, afortunadamente, la respuesta r\u00e1pida de los vecinos y las autoridades evit\u00f3 da\u00f1os en la escuela&#8221;, coment\u00f3 Ram\u00edrez Leyva. &#8220;Estos j\u00f3venes probablemente ingresaron por curiosidad o travesura, pero gracias a la vigilancia de la comunidad, no ocurri\u00f3 ning\u00fan acto delictivo.&#8221;<\/p>\n\n\n\n<p>Para reforzar la seguridad durante las vacaciones, la polic\u00eda municipal ha incrementado los rondines de vigilancia en \u00e1reas clave del municipio, incluyendo las colonias La Lomita, San Antonio, San Luis 1, y Villa Jard\u00edn. El objetivo es disuadir cualquier actividad sospechosa y garantizar la protecci\u00f3n de las instituciones educativas y otros espacios p\u00fablicos.<\/p>\n\n\n\n<p>Las autoridades municipales invitan a los residentes de Soledad de Graciano S\u00e1nchez a mantenerse alerta y colaborar en la vigilancia de sus vecindarios. Se recomienda reportar cualquier actividad inusual a trav\u00e9s del n\u00famero de emergencia 911 o mediante las redes sociales oficiales de la Direcci\u00f3n General de Seguridad P\u00fablica Municipal.<\/p>\n","protected":false},"excerpt":{"rendered":"<p>La polic\u00eda municipal ha intensificado los rondines de vigilancia en varios puntos estrat\u00e9gicos del municipio, tras registrar un &#8220;incidente&#8221; en la escuela primaria Jes\u00fas Silva Herzog ubicada en la colonia La Lomita. Jorge Ram\u00edrez Leyva, titular de la Direcci\u00f3n General de Seguridad P\u00fablica Municipal de Soledad de Graciano S\u00e1nchez, inform\u00f3 sobre el hecho ocurrido al [&hellip;]<\/p>\n","protected":false},"author":2,"featured_media":11406,"comment_status":"open","ping_status":"open","sticky":false,"template":"","format":"standard","meta":{"footnotes":""},"categories":[1,24,19],"tags":[2024,2495,871,276,261,27],"class_list":{"0":"post-11405","1":"post","2":"type-post","3":"status-publish","4":"format-standard","5":"has-post-thumbnail","7":"category-destacadas","8":"category-informacion-general","9":"category-seguridad","10":"tag-escuela","11":"tag-incidente","12":"tag-primaria","13":"tag-seguridad","14":"tag-slp","15":"tag-soledad"},"_links":{"self":[{"href":"https:\/\/cronicadesoledad.com\/index.php\/wp-json\/wp\/v2\/posts\/11405","targetHints":{"allow":["GET"]}}],"collection":[{"href":"https:\/\/cronicadesoledad.com\/index.php\/wp-json\/wp\/v2\/posts"}],"about":[{"href":"https:\/\/cronicadesoledad.com\/index.php\/wp-json\/wp\/v2\/types\/post"}],"author":[{"embeddable":true,"href":"https:\/\/cronicadesoledad.com\/index.php\/wp-json\/wp\/v2\/users\/2"}],"replies":[{"embeddable":true,"href":"https:\/\/cronicadesoledad.com\/index.php\/wp-json\/wp\/v2\/comments?post=11405"}],"version-history":[{"count":1,"href":"https:\/\/cronicadesoledad.com\/index.php\/wp-json\/wp\/v2\/posts\/11405\/revisions"}],"predecessor-version":[{"id":11407,"href":"https:\/\/cronicadesoledad.com\/index.php\/wp-json\/wp\/v2\/posts\/11405\/revisions\/11407"}],"wp:featuredmedia":[{"embeddable":true,"href":"https:\/\/cronicadesoledad.com\/index.php\/wp-json\/wp\/v2\/media\/11406"}],"wp:attachment":[{"href":"https:\/\/cronicadesoledad.com\/index.php\/wp-json\/wp\/v2\/media?parent=11405"}],"wp:term":[{"taxonomy":"category","embeddable":true,"href":"https:\/\/cronicadesoledad.com\/index.php\/wp-json\/wp\/v2\/categories?post=11405"},{"taxonomy":"post_tag","embeddable":true,"href":"https:\/\/cronicadesoledad.com\/index.php\/wp-json\/wp\/v2\/tags?post=11405"}],"curies":[{"name":"wp","href":"https:\/\/api.w.org\/{rel}","templated":true}]}}