{"id":11414,"date":"2024-07-12T21:00:00","date_gmt":"2024-07-13T03:00:00","guid":{"rendered":"https:\/\/cronicadesoledad.com\/?p=11414"},"modified":"2024-07-12T17:51:32","modified_gmt":"2024-07-12T23:51:32","slug":"proteccion-civil-reitera-prevencion-para-la-seguridad-infantil","status":"publish","type":"post","link":"https:\/\/cronicadesoledad.com\/index.php\/2024\/07\/12\/proteccion-civil-reitera-prevencion-para-la-seguridad-infantil\/","title":{"rendered":"Protecci\u00f3n Civil reitera prevenci\u00f3n para la seguridad infantil"},"content":{"rendered":"\n<p>El Ayuntamiento de Soledad de Graciano S\u00e1nchez, a trav\u00e9s de la Coordinaci\u00f3n de Protecci\u00f3n Civil, contin\u00faa promoviendo medidas preventivas durante el periodo vacacional de verano, enfocadas en la seguridad de las y los ni\u00f1os durante su estancia en los hogares.<\/p>\n\n\n\n<p>Martin Bravo Galicia, Coordinador Municipal, emiti\u00f3 recomendaciones dirigidas a las familias para reducir riesgos de accidentes dom\u00e9sticos. Entre las principales recomendaciones se encuentra limitar la salida de las y los ni\u00f1os, dado que es m\u00e1s probable que ocurran accidentes fuera del hogar.<\/p>\n\n\n\n<p>\u201cLos ni\u00f1os deben encontrarse en todo momento al cuidado de los padres, cuando son padres que trabajan la recomendaci\u00f3n es evitar y clausurar los lugares de mayor riesgo dentro del hogar como la cocina, que los menores eviten acercarse a las estufas, jugar con cuchillos, tocar las tapas de contactos el\u00e9ctricos o introducir alg\u00fan objeto en ellas, as\u00ed como tener especial cuidado con pisos mojados y escaleras\u201d, precis\u00f3 el funcionario.<\/p>\n\n\n\n<p>Puntualiz\u00f3 que, al implementar medidas preventivas, se busca reducir el riesgo de lesiones graves que pueden ocurrir en el entorno dom\u00e9stico, mismas que incluyen desde accidentes comunes como ca\u00eddas, quemaduras o cortaduras, hasta situaciones m\u00e1s peligrosas como intoxicaciones, ahogamientos o incendios.<\/p>\n\n\n\n<p>Asimismo, detall\u00f3 que existe colaboraci\u00f3n con las Juntas de Mejoras de cada colonia, para impulsar la formaci\u00f3n de grupos comunitarios y difundir estas recomendaciones entre las familias del municipio. Adem\u00e1s, la ciudadan\u00eda puede solicitar pl\u00e1ticas en sus colonias o comunidades para promover una cultura de prevenci\u00f3n y cuidado durante las vacaciones de verano, a trav\u00e9s de la l\u00ednea telef\u00f3nica 444 831-12-60.<\/p>\n\n\n\n<p>Adem\u00e1s, personal de Protecci\u00f3n Civil est\u00e1 acudiendo a los campamentos de verano, impartiendo charlas educativas a ni\u00f1os y ni\u00f1as para fomentar la seguridad en el hogar. Entre estas actividades, en el marco del programa &#8220;Escuela Segura&#8221; de la Direcci\u00f3n de Educaci\u00f3n, se realizaron pl\u00e1ticas preventivas en escuelas, dirigidas tanto a padres de familia como a estudiantes, con el objetivo de evitar incidentes y promover pr\u00e1cticas seguras durante las vacaciones, finaliz\u00f3.<\/p>\n","protected":false},"excerpt":{"rendered":"<p>El Ayuntamiento de Soledad de Graciano S\u00e1nchez, a trav\u00e9s de la Coordinaci\u00f3n de Protecci\u00f3n Civil, contin\u00faa promoviendo medidas preventivas durante el periodo vacacional de verano, enfocadas en la seguridad de las y los ni\u00f1os durante su estancia en los hogares. Martin Bravo Galicia, Coordinador Municipal, emiti\u00f3 recomendaciones dirigidas a las familias para reducir riesgos de [&hellip;]<\/p>\n","protected":false},"author":2,"featured_media":11415,"comment_status":"open","ping_status":"open","sticky":false,"template":"","format":"standard","meta":{"footnotes":""},"categories":[24,21],"tags":[223,2236,2110,2042,525,294,276,261,27,1977],"class_list":{"0":"post-11414","1":"post","2":"type-post","3":"status-publish","4":"format-standard","5":"has-post-thumbnail","7":"category-informacion-general","8":"category-tu-soledad","9":"tag-ayuntamiento-soledense","10":"tag-menores","11":"tag-ninas-2","12":"tag-ninos-2","13":"tag-proteccion-civil","14":"tag-san-luis","15":"tag-seguridad","16":"tag-slp","17":"tag-soledad","18":"tag-vacaciones"},"_links":{"self":[{"href":"https:\/\/cronicadesoledad.com\/index.php\/wp-json\/wp\/v2\/posts\/11414","targetHints":{"allow":["GET"]}}],"collection":[{"href":"https:\/\/cronicadesoledad.com\/index.php\/wp-json\/wp\/v2\/posts"}],"about":[{"href":"https:\/\/cronicadesoledad.com\/index.php\/wp-json\/wp\/v2\/types\/post"}],"author":[{"embeddable":true,"href":"https:\/\/cronicadesoledad.com\/index.php\/wp-json\/wp\/v2\/users\/2"}],"replies":[{"embeddable":true,"href":"https:\/\/cronicadesoledad.com\/index.php\/wp-json\/wp\/v2\/comments?post=11414"}],"version-history":[{"count":1,"href":"https:\/\/cronicadesoledad.com\/index.php\/wp-json\/wp\/v2\/posts\/11414\/revisions"}],"predecessor-version":[{"id":11416,"href":"https:\/\/cronicadesoledad.com\/index.php\/wp-json\/wp\/v2\/posts\/11414\/revisions\/11416"}],"wp:featuredmedia":[{"embeddable":true,"href":"https:\/\/cronicadesoledad.com\/index.php\/wp-json\/wp\/v2\/media\/11415"}],"wp:attachment":[{"href":"https:\/\/cronicadesoledad.com\/index.php\/wp-json\/wp\/v2\/media?parent=11414"}],"wp:term":[{"taxonomy":"category","embeddable":true,"href":"https:\/\/cronicadesoledad.com\/index.php\/wp-json\/wp\/v2\/categories?post=11414"},{"taxonomy":"post_tag","embeddable":true,"href":"https:\/\/cronicadesoledad.com\/index.php\/wp-json\/wp\/v2\/tags?post=11414"}],"curies":[{"name":"wp","href":"https:\/\/api.w.org\/{rel}","templated":true}]}}