{"id":11433,"date":"2024-07-15T03:15:00","date_gmt":"2024-07-15T09:15:00","guid":{"rendered":"https:\/\/cronicadesoledad.com\/?p=11433"},"modified":"2024-07-15T13:31:08","modified_gmt":"2024-07-15T19:31:08","slug":"intensiva-campana-de-limpieza","status":"publish","type":"post","link":"https:\/\/cronicadesoledad.com\/index.php\/2024\/07\/15\/intensiva-campana-de-limpieza\/","title":{"rendered":"Intensiva campa\u00f1a de limpieza"},"content":{"rendered":"\n<p>Con el firme prop\u00f3sito de embellecer el entorno urbano y garantizar espacios m\u00e1s limpios y seguros para la ciudadan\u00eda, el Gobierno Municipal de Soledad de Graciano S\u00e1nchez, a trav\u00e9s de la Direcci\u00f3n de Servicios Municipales, efect\u00faa una campa\u00f1a de limpieza en diversas zonas del municipio, logrando retirar entre 3 y 3.5 toneladas de maleza en un d\u00eda.<\/p>\n\n\n\n<p>Recientemente, las cuadrillas de Aseo P\u00fablico efectuaron trabajos exhaustivos de deshierbe, poda y barrido en la calle Ray\u00f3n, ubicada entre la lateral de la carretera Matehuala y la avenida Soledad, lo que permiti\u00f3 que esta calle quedara completamente limpia, contribuyendo significativamente al embellecimiento de la zona.<\/p>\n\n\n\n<p>Conrado P\u00e9rez, director de Servicios Municipales, enfatiz\u00f3 la importancia de estas acciones de limpieza: &#8220;Nuestro compromiso es mantener limpios nuestros espacios p\u00fablicos, garantizando as\u00ed un entorno m\u00e1s saludable y agradable para las y los habitantes de Soledad de Graciano S\u00e1nchez&#8221;.<\/p>\n\n\n\n<p>Actualmente, las labores contin\u00faan en la calle Esmeralda, tambi\u00e9n situada entre la lateral de la carretera Matehuala y la avenida Soledad; en esta \u00e1rea, el enfoque principal est\u00e1 en la limpieza de maleza y la recolecci\u00f3n de basura.<\/p>\n\n\n\n<p>Paralelamente, se est\u00e1n llevando a cabo trabajos de limpieza en la avenida Mar\u00eda Teresa en la zona de La Lomita, as\u00ed como en la avenida San Jos\u00e9 del fraccionamiento San Francisco de As\u00eds, donde una cuadrilla especializada en imagen urbana trabaja incansablemente para mantener la zona en \u00f3ptimas condiciones.<\/p>\n\n\n\n<p>De la misma manera, las \u00c1reas Recreativas forman parte del programa de actividades de limpieza, y recientemente fue intervenida en su totalidad el centro de convivencia de la colonia Hogares Populares Pav\u00f3n.<\/p>\n\n\n\n<p>Estos esfuerzos del Gobierno Municipal tienen la finalidad de seguir trabajando y dar m\u00e1s apoyo a la calidad de vida de las y los soledenses y promover un municipio m\u00e1s limpio y ordenado.<\/p>\n","protected":false},"excerpt":{"rendered":"<p>Con el firme prop\u00f3sito de embellecer el entorno urbano y garantizar espacios m\u00e1s limpios y seguros para la ciudadan\u00eda, el Gobierno Municipal de Soledad de Graciano S\u00e1nchez, a trav\u00e9s de la Direcci\u00f3n de Servicios Municipales, efect\u00faa una campa\u00f1a de limpieza en diversas zonas del municipio, logrando retirar entre 3 y 3.5 toneladas de maleza en [&hellip;]<\/p>\n","protected":false},"author":2,"featured_media":11434,"comment_status":"open","ping_status":"open","sticky":false,"template":"","format":"standard","meta":{"footnotes":""},"categories":[1,24,21],"tags":[223,581,294,261,27],"class_list":{"0":"post-11433","1":"post","2":"type-post","3":"status-publish","4":"format-standard","5":"has-post-thumbnail","7":"category-destacadas","8":"category-informacion-general","9":"category-tu-soledad","10":"tag-ayuntamiento-soledense","11":"tag-limpieza","12":"tag-san-luis","13":"tag-slp","14":"tag-soledad"},"_links":{"self":[{"href":"https:\/\/cronicadesoledad.com\/index.php\/wp-json\/wp\/v2\/posts\/11433","targetHints":{"allow":["GET"]}}],"collection":[{"href":"https:\/\/cronicadesoledad.com\/index.php\/wp-json\/wp\/v2\/posts"}],"about":[{"href":"https:\/\/cronicadesoledad.com\/index.php\/wp-json\/wp\/v2\/types\/post"}],"author":[{"embeddable":true,"href":"https:\/\/cronicadesoledad.com\/index.php\/wp-json\/wp\/v2\/users\/2"}],"replies":[{"embeddable":true,"href":"https:\/\/cronicadesoledad.com\/index.php\/wp-json\/wp\/v2\/comments?post=11433"}],"version-history":[{"count":1,"href":"https:\/\/cronicadesoledad.com\/index.php\/wp-json\/wp\/v2\/posts\/11433\/revisions"}],"predecessor-version":[{"id":11435,"href":"https:\/\/cronicadesoledad.com\/index.php\/wp-json\/wp\/v2\/posts\/11433\/revisions\/11435"}],"wp:featuredmedia":[{"embeddable":true,"href":"https:\/\/cronicadesoledad.com\/index.php\/wp-json\/wp\/v2\/media\/11434"}],"wp:attachment":[{"href":"https:\/\/cronicadesoledad.com\/index.php\/wp-json\/wp\/v2\/media?parent=11433"}],"wp:term":[{"taxonomy":"category","embeddable":true,"href":"https:\/\/cronicadesoledad.com\/index.php\/wp-json\/wp\/v2\/categories?post=11433"},{"taxonomy":"post_tag","embeddable":true,"href":"https:\/\/cronicadesoledad.com\/index.php\/wp-json\/wp\/v2\/tags?post=11433"}],"curies":[{"name":"wp","href":"https:\/\/api.w.org\/{rel}","templated":true}]}}