{"id":11442,"date":"2024-07-15T04:00:00","date_gmt":"2024-07-15T10:00:00","guid":{"rendered":"https:\/\/cronicadesoledad.com\/?p=11442"},"modified":"2024-07-15T13:38:00","modified_gmt":"2024-07-15T19:38:00","slug":"exitosa-marcha-lgbtttiq","status":"publish","type":"post","link":"https:\/\/cronicadesoledad.com\/index.php\/2024\/07\/15\/exitosa-marcha-lgbtttiq\/","title":{"rendered":"Exitosa marcha LGBTTTIQ+"},"content":{"rendered":"\n<p>Luciendo vistosos atuendos y ondeando la bandera multicolor, cientos de personas de la comunidad LGBTTTIQ+, y familias, participaron el s\u00e1bado en la tercera y Marcha Arco\u00edris de Soledad de Graciano S\u00e1nchez, una celebraci\u00f3n de orgullo y diversidad, que cont\u00f3 con el respaldo del Gobierno Municipal, para convertirse en un evento inolvidable para el municipio.<\/p>\n\n\n\n<p>La multitud fue encabezada por la embajadora Denisse Pereira y organizada por el Instituto Municipal de la Juventud, donde las y los participantes recorrieron desde el inicio en la calle Hidalgo, en la monumental entrada de Soledad hasta la Plaza principal, acompa\u00f1ados por carros aleg\u00f3ricos que llenaron de color y alegr\u00eda todo el trayecto.<\/p>\n\n\n\n<p>Familias y espectadores se unieron a esta gran Marcha para ser parte de este desfile lleno de color y significado, que promovi\u00f3 el respeto, la inclusi\u00f3n y la visibilidad de la diversidad sexual y de g\u00e9nero en el municipio de Soledad. Asimismo, decenas de veh\u00edculos que transitaba por la zona presenciaron el acontecimiento y mostraban su apoyo a lo lejos.<\/p>\n\n\n\n<p>La jornada culmin\u00f3 en la Plaza Principal con un vibrante evento cultural y art\u00edstico, que incluy\u00f3 la participaci\u00f3n de talentosos artistas provenientes de Guadalajara, Monterrey y San Luis Potos\u00ed, donde con actuaciones en vivo capturaron la esencia de la diversidad y la unidad.<\/p>\n\n\n\n<p>Durante el evento de clausura, las y los organizadores y miembros de la comunidad expresaron su agradecimiento con emotivos discursos y muestras de apoyo mutuo, destacando el compromiso continuo con la igualdad, los derechos humanos y la importancia de seguir luchando por una sociedad inclusiva y justa para todas y todos.<\/p>\n\n\n\n<p>Cabe mencionar que el viernes por la noche, colectivos en favor de la visibilidad de la comunidad, con apoyo del Ayuntamiento, pintaron pasos peatonales como s\u00edmbolo de la presencia, exigencia y lucha por los derechos de la comunidad LGBTTTIQ+.<\/p>\n\n\n\n<p>Es importante se\u00f1alar que, esta tercera edici\u00f3n de la Marcha por la Diversidad Sexual cont\u00f3 con el apoyo de Tr\u00e1nsito y Polic\u00eda Vial y Protecci\u00f3n Civil municipal.<\/p>\n","protected":false},"excerpt":{"rendered":"<p>Luciendo vistosos atuendos y ondeando la bandera multicolor, cientos de personas de la comunidad LGBTTTIQ+, y familias, participaron el s\u00e1bado en la tercera y Marcha Arco\u00edris de Soledad de Graciano S\u00e1nchez, una celebraci\u00f3n de orgullo y diversidad, que cont\u00f3 con el respaldo del Gobierno Municipal, para convertirse en un evento inolvidable para el municipio. La [&hellip;]<\/p>\n","protected":false},"author":2,"featured_media":11443,"comment_status":"open","ping_status":"open","sticky":false,"template":"","format":"standard","meta":{"footnotes":""},"categories":[1,24,21],"tags":[223,936,1315,1910,2501,294,261,27],"class_list":{"0":"post-11442","1":"post","2":"type-post","3":"status-publish","4":"format-standard","5":"has-post-thumbnail","7":"category-destacadas","8":"category-informacion-general","9":"category-tu-soledad","10":"tag-ayuntamiento-soledense","11":"tag-lgbtiq","12":"tag-lgbtttiq","13":"tag-marcha","14":"tag-marcha-lgbtttiq","15":"tag-san-luis","16":"tag-slp","17":"tag-soledad"},"_links":{"self":[{"href":"https:\/\/cronicadesoledad.com\/index.php\/wp-json\/wp\/v2\/posts\/11442","targetHints":{"allow":["GET"]}}],"collection":[{"href":"https:\/\/cronicadesoledad.com\/index.php\/wp-json\/wp\/v2\/posts"}],"about":[{"href":"https:\/\/cronicadesoledad.com\/index.php\/wp-json\/wp\/v2\/types\/post"}],"author":[{"embeddable":true,"href":"https:\/\/cronicadesoledad.com\/index.php\/wp-json\/wp\/v2\/users\/2"}],"replies":[{"embeddable":true,"href":"https:\/\/cronicadesoledad.com\/index.php\/wp-json\/wp\/v2\/comments?post=11442"}],"version-history":[{"count":1,"href":"https:\/\/cronicadesoledad.com\/index.php\/wp-json\/wp\/v2\/posts\/11442\/revisions"}],"predecessor-version":[{"id":11444,"href":"https:\/\/cronicadesoledad.com\/index.php\/wp-json\/wp\/v2\/posts\/11442\/revisions\/11444"}],"wp:featuredmedia":[{"embeddable":true,"href":"https:\/\/cronicadesoledad.com\/index.php\/wp-json\/wp\/v2\/media\/11443"}],"wp:attachment":[{"href":"https:\/\/cronicadesoledad.com\/index.php\/wp-json\/wp\/v2\/media?parent=11442"}],"wp:term":[{"taxonomy":"category","embeddable":true,"href":"https:\/\/cronicadesoledad.com\/index.php\/wp-json\/wp\/v2\/categories?post=11442"},{"taxonomy":"post_tag","embeddable":true,"href":"https:\/\/cronicadesoledad.com\/index.php\/wp-json\/wp\/v2\/tags?post=11442"}],"curies":[{"name":"wp","href":"https:\/\/api.w.org\/{rel}","templated":true}]}}