{"id":11471,"date":"2024-07-16T14:10:54","date_gmt":"2024-07-16T20:10:54","guid":{"rendered":"https:\/\/cronicadesoledad.com\/?p=11471"},"modified":"2024-07-16T14:10:55","modified_gmt":"2024-07-16T20:10:55","slug":"mujeres-en-soledad-se-enfrentan-a-una-triple-jornada-en-vacaciones","status":"publish","type":"post","link":"https:\/\/cronicadesoledad.com\/index.php\/2024\/07\/16\/mujeres-en-soledad-se-enfrentan-a-una-triple-jornada-en-vacaciones\/","title":{"rendered":"Mujeres en Soledad se enfrentan a una triple jornada en vacaciones"},"content":{"rendered":"\n<p>En Soledad de Graciano S\u00e1nchez, las mujeres enfrentan una carga laboral que se multiplica durante las vacaciones escolares, seg\u00fan revela la Unidad de Atenci\u00f3n a la Violencia Intrafamiliar (UAVI). Miriam Castillo Moreno, abogada encargada de la UAVI, destaca que adem\u00e1s de cumplir con sus responsabilidades laborales, las mujeres deben gestionar el cuidado y la crianza de sus hijos, as\u00ed como las tareas dom\u00e9sticas.<\/p>\n\n\n\n<p>&#8220;Las mujeres&nbsp;est\u00e1n asumiendo una carga extraordinaria&nbsp;al tener que coordinar actividades extra para sus hijos, desde talleres y cursos hasta actividades recreativas, mientras contin\u00faan con su empleo formal y el trabajo dom\u00e9stico&#8221;, explica Castillo Moreno. Esta situaci\u00f3n, seg\u00fan la abogada, impacta negativamente la salud f\u00edsica y mental de las mujeres, quienes experimentan un agotamiento extremo y una sensaci\u00f3n de sobrecarga.<\/p>\n\n\n\n<p>La UAVI enfatiza que este fen\u00f3meno no es nuevo, pero se agudiza durante las vacaciones escolares, aumentando significativamente las horas de trabajo diario de las mujeres. Adem\u00e1s, subraya que las responsabilidades del cuidado infantil y las labores dom\u00e9sticas no se distribuyen equitativamente en muchos hogares, perpetuando la desigualdad de g\u00e9nero y desvalorizando el trabajo no remunerado realizado por las mujeres.<\/p>\n\n\n\n<p>Ante esta realidad, Castillo Moreno hace un llamado urgente a la comunidad y a las autoridades locales para implementar medidas que alivien la carga de las mujeres durante las vacaciones escolares. Propone la promoci\u00f3n de pol\u00edticas de conciliaci\u00f3n laboral y familiar, as\u00ed como programas de apoyo que reconozcan y valoren el esfuerzo de las mujeres en el hogar. Asimismo, sugiere una mayor participaci\u00f3n de los padres y otros miembros de la familia en las tareas de cuidado y dom\u00e9sticas para equilibrar las responsabilidades y apoyar a las mujeres en estos periodos de alta demanda.<\/p>\n\n\n\n<p>Finalmente, la abogada destaca la importancia de generar conciencia y compromiso social para avanzar hacia una distribuci\u00f3n m\u00e1s equitativa de las responsabilidades en el hogar, lo cual no solo beneficiar\u00eda a las mujeres, sino tambi\u00e9n al bienestar general de las familias en Soledad de Graciano S\u00e1nchez.<\/p>\n","protected":false},"excerpt":{"rendered":"<p>En Soledad de Graciano S\u00e1nchez, las mujeres enfrentan una carga laboral que se multiplica durante las vacaciones escolares, seg\u00fan revela la Unidad de Atenci\u00f3n a la Violencia Intrafamiliar (UAVI). Miriam Castillo Moreno, abogada encargada de la UAVI, destaca que adem\u00e1s de cumplir con sus responsabilidades laborales, las mujeres deben gestionar el cuidado y la crianza [&hellip;]<\/p>\n","protected":false},"author":2,"featured_media":11472,"comment_status":"open","ping_status":"open","sticky":false,"template":"","format":"standard","meta":{"footnotes":""},"categories":[1,24],"tags":[2511,2510,261,27,2512,2509,1977],"class_list":{"0":"post-11471","1":"post","2":"type-post","3":"status-publish","4":"format-standard","5":"has-post-thumbnail","7":"category-destacadas","8":"category-informacion-general","9":"tag-madres","10":"tag-miriam-castillo","11":"tag-slp","12":"tag-soledad","13":"tag-trabajo","14":"tag-uavi","15":"tag-vacaciones"},"_links":{"self":[{"href":"https:\/\/cronicadesoledad.com\/index.php\/wp-json\/wp\/v2\/posts\/11471","targetHints":{"allow":["GET"]}}],"collection":[{"href":"https:\/\/cronicadesoledad.com\/index.php\/wp-json\/wp\/v2\/posts"}],"about":[{"href":"https:\/\/cronicadesoledad.com\/index.php\/wp-json\/wp\/v2\/types\/post"}],"author":[{"embeddable":true,"href":"https:\/\/cronicadesoledad.com\/index.php\/wp-json\/wp\/v2\/users\/2"}],"replies":[{"embeddable":true,"href":"https:\/\/cronicadesoledad.com\/index.php\/wp-json\/wp\/v2\/comments?post=11471"}],"version-history":[{"count":1,"href":"https:\/\/cronicadesoledad.com\/index.php\/wp-json\/wp\/v2\/posts\/11471\/revisions"}],"predecessor-version":[{"id":11473,"href":"https:\/\/cronicadesoledad.com\/index.php\/wp-json\/wp\/v2\/posts\/11471\/revisions\/11473"}],"wp:featuredmedia":[{"embeddable":true,"href":"https:\/\/cronicadesoledad.com\/index.php\/wp-json\/wp\/v2\/media\/11472"}],"wp:attachment":[{"href":"https:\/\/cronicadesoledad.com\/index.php\/wp-json\/wp\/v2\/media?parent=11471"}],"wp:term":[{"taxonomy":"category","embeddable":true,"href":"https:\/\/cronicadesoledad.com\/index.php\/wp-json\/wp\/v2\/categories?post=11471"},{"taxonomy":"post_tag","embeddable":true,"href":"https:\/\/cronicadesoledad.com\/index.php\/wp-json\/wp\/v2\/tags?post=11471"}],"curies":[{"name":"wp","href":"https:\/\/api.w.org\/{rel}","templated":true}]}}