{"id":11483,"date":"2024-07-16T22:00:00","date_gmt":"2024-07-17T04:00:00","guid":{"rendered":"https:\/\/cronicadesoledad.com\/?p=11483"},"modified":"2024-07-16T18:41:09","modified_gmt":"2024-07-17T00:41:09","slug":"gobierno-municipal-fomenta-habitos-saludables-en-infancia","status":"publish","type":"post","link":"https:\/\/cronicadesoledad.com\/index.php\/2024\/07\/16\/gobierno-municipal-fomenta-habitos-saludables-en-infancia\/","title":{"rendered":"Gobierno municipal fomenta h\u00e1bitos saludables en infancia"},"content":{"rendered":"\n<p>Para ofrecer alternativas creativas que permitan a las y los ni\u00f1os entretenerse sin depender de distracciones como dispositivos electr\u00f3nicos, el Gobierno Municipal de Soledad de Graciano S\u00e1nchez lleva a cabo un taller gratuito de verano, trazado para fomentar la creatividad y h\u00e1bitos alimenticios saludables desde temprana edad.<\/p>\n\n\n\n<p>La coordinadora de Participaci\u00f3n Ciudadana, Mar\u00eda de los \u00c1ngeles P\u00e9rez S\u00e1nchez destac\u00f3 que siguen las inscripciones abiertas para que ni\u00f1as y ni\u00f1os de 6 a 12 a\u00f1os de edad acudan estos pr\u00f3ximos dos viernes, y aprendan c\u00f3mo manejar y disfrutar de frutas que pueden consumir diariamente en sus hogares, las personas interesadas pueden inscribirse en las oficinas de la coordinaci\u00f3n, ubicadas en calle Matamoros #111 en Cabecera Municipal.<\/p>\n\n\n\n<p>La funcionaria coment\u00f3 que este taller que se lleva a cabo de 10 de la ma\u00f1ana a 1:30 de la tarde, est\u00e1 enfocado en las y los ni\u00f1os que actualmente se encuentran de vacaciones en casa, brindando una oportunidad para que se diviertan y aprendan junto con sus mam\u00e1s. \u201cActualmente, contamos con la inscripci\u00f3n de aproximadamente 25 ni\u00f1os, durante las sesiones, los participantes aprender\u00e1n a crear figuras de diferentes formas, como rombos y c\u00edrculos, utilizando las frutas como materia prima principal\u201d, coment\u00f3.<\/p>\n\n\n\n<p>El pr\u00f3ximo viernes se centrar\u00e1n en actividades con fomi, especialmente pensadas para las edades de las y los participantes; estas actividades ayudan a desarrollar habilidades motrices, creativas y cognitivas, ofreciendo entretenimiento saludable y promoviendo la socializaci\u00f3n, adem\u00e1s, apoyan a los padres de familia y ayudan a reducir el estr\u00e9s al mantener a los ni\u00f1os activos.<\/p>\n","protected":false},"excerpt":{"rendered":"<p>Para ofrecer alternativas creativas que permitan a las y los ni\u00f1os entretenerse sin depender de distracciones como dispositivos electr\u00f3nicos, el Gobierno Municipal de Soledad de Graciano S\u00e1nchez lleva a cabo un taller gratuito de verano, trazado para fomentar la creatividad y h\u00e1bitos alimenticios saludables desde temprana edad. La coordinadora de Participaci\u00f3n Ciudadana, Mar\u00eda de los [&hellip;]<\/p>\n","protected":false},"author":2,"featured_media":11484,"comment_status":"open","ping_status":"open","sticky":false,"template":"","format":"standard","meta":{"footnotes":""},"categories":[24,21],"tags":[81,223,682,2514,269,294,261,27],"class_list":{"0":"post-11483","1":"post","2":"type-post","3":"status-publish","4":"format-standard","5":"has-post-thumbnail","7":"category-informacion-general","8":"category-tu-soledad","9":"tag-alcaldesa-soledense","10":"tag-ayuntamiento-soledense","11":"tag-creatividad","12":"tag-habitos","13":"tag-salud","14":"tag-san-luis","15":"tag-slp","16":"tag-soledad"},"_links":{"self":[{"href":"https:\/\/cronicadesoledad.com\/index.php\/wp-json\/wp\/v2\/posts\/11483","targetHints":{"allow":["GET"]}}],"collection":[{"href":"https:\/\/cronicadesoledad.com\/index.php\/wp-json\/wp\/v2\/posts"}],"about":[{"href":"https:\/\/cronicadesoledad.com\/index.php\/wp-json\/wp\/v2\/types\/post"}],"author":[{"embeddable":true,"href":"https:\/\/cronicadesoledad.com\/index.php\/wp-json\/wp\/v2\/users\/2"}],"replies":[{"embeddable":true,"href":"https:\/\/cronicadesoledad.com\/index.php\/wp-json\/wp\/v2\/comments?post=11483"}],"version-history":[{"count":1,"href":"https:\/\/cronicadesoledad.com\/index.php\/wp-json\/wp\/v2\/posts\/11483\/revisions"}],"predecessor-version":[{"id":11485,"href":"https:\/\/cronicadesoledad.com\/index.php\/wp-json\/wp\/v2\/posts\/11483\/revisions\/11485"}],"wp:featuredmedia":[{"embeddable":true,"href":"https:\/\/cronicadesoledad.com\/index.php\/wp-json\/wp\/v2\/media\/11484"}],"wp:attachment":[{"href":"https:\/\/cronicadesoledad.com\/index.php\/wp-json\/wp\/v2\/media?parent=11483"}],"wp:term":[{"taxonomy":"category","embeddable":true,"href":"https:\/\/cronicadesoledad.com\/index.php\/wp-json\/wp\/v2\/categories?post=11483"},{"taxonomy":"post_tag","embeddable":true,"href":"https:\/\/cronicadesoledad.com\/index.php\/wp-json\/wp\/v2\/tags?post=11483"}],"curies":[{"name":"wp","href":"https:\/\/api.w.org\/{rel}","templated":true}]}}