{"id":11505,"date":"2024-07-18T20:00:00","date_gmt":"2024-07-19T02:00:00","guid":{"rendered":"https:\/\/cronicadesoledad.com\/?p=11505"},"modified":"2024-07-18T18:01:16","modified_gmt":"2024-07-19T00:01:16","slug":"atractivas-actividades-albergan-el-teatro-doroteo-a-rango","status":"publish","type":"post","link":"https:\/\/cronicadesoledad.com\/index.php\/2024\/07\/18\/atractivas-actividades-albergan-el-teatro-doroteo-a-rango\/","title":{"rendered":"Atractivas actividades albergan el teatro \u201cDoroteo A rango\u201d"},"content":{"rendered":"\n<p>El Teatro y Centro Cultural \u201cDoroteo Arango\u201d en Soledad de Graciano S\u00e1nchez, se ha convertido en un epicentro de actividades culturales y educativas, albergando una amplia gama de eventos auspiciados por el Gobierno Municipal, mismos que se unen a la galer\u00eda cultural, art\u00edstica, educativa y de aprendizaje para personas de todas las edades.&nbsp;<\/p>\n\n\n\n<p>Roberto Posadas Mart\u00ednez, director de Cultura Municipal, explic\u00f3 que, durante esta temporada, el Teatro ha sido sede de diversas celebraciones y encuentros educativos, desde ceremonias de graduaci\u00f3n de escuelas primarias, secundarias y preparatorias, hasta eventos universitarios.<\/p>\n\n\n\n<p>Adem\u00e1s, se llev\u00f3 a cabo un concurso escolar del Himno Nacional Mexicano a nivel primaria, as\u00ed como capacitaciones para docentes de la zona 090 y la entrega de reconocimientos al personal del Sistema de Colegios de Bachilleres del estado (COBACH), as\u00ed como la clausura oficial del ciclo escolar 2023-2024 por parte del Ayuntamiento.<\/p>\n\n\n\n<p>Adem\u00e1s, el Teatro y Centro Cultural Doroteo Arango cuenta con una galer\u00eda de arte que enriquece la oferta cultural del espacio, tambi\u00e9n es sede de funciones de cine gratuitas y ofrece talleres de guitarra, malabares y artes esc\u00e9nicas que contribuyen al enriquecimiento educativo, cultural y art\u00edstico de la poblaci\u00f3n de Soledad de Graciano S\u00e1nchez.<\/p>\n\n\n\n<p>&#8220;Nos complace que el Teatro y Centro Cultural \u201cDoroteo Arango\u201d sea reconocido y elegido por instituciones educativas tanto locales como regionales para la realizaci\u00f3n de eventos significativos, con esta colaboraci\u00f3n entre Presidencia Municipal, Educaci\u00f3n C\u00edvica y Cultura ha sido fundamental para el \u00e9xito y la diversidad de actividades que hemos podido ofrecer&#8221;, expres\u00f3 el director.<\/p>\n\n\n\n<p>El funcionario destac\u00f3 el compromiso del Teatro \u201cDoroteo Arango\u201d con los organizadores de estos eventos, para brindar todas las facilidades, promoviendo y atrayendo a m\u00e1s personas hacia este importante espacio cultural, a fin de posicionar el lugar, y fortalecer el v\u00ednculo cultural y educativo.<\/p>\n","protected":false},"excerpt":{"rendered":"<p>El Teatro y Centro Cultural \u201cDoroteo Arango\u201d en Soledad de Graciano S\u00e1nchez, se ha convertido en un epicentro de actividades culturales y educativas, albergando una amplia gama de eventos auspiciados por el Gobierno Municipal, mismos que se unen a la galer\u00eda cultural, art\u00edstica, educativa y de aprendizaje para personas de todas las edades.&nbsp; Roberto Posadas [&hellip;]<\/p>\n","protected":false},"author":2,"featured_media":11506,"comment_status":"open","ping_status":"open","sticky":false,"template":"","format":"standard","meta":{"footnotes":""},"categories":[24,21],"tags":[747,223,294,261,27,1796,1797],"class_list":{"0":"post-11505","1":"post","2":"type-post","3":"status-publish","4":"format-standard","5":"has-post-thumbnail","7":"category-informacion-general","8":"category-tu-soledad","9":"tag-actividades","10":"tag-ayuntamiento-soledense","11":"tag-san-luis","12":"tag-slp","13":"tag-soledad","14":"tag-teatro","15":"tag-teatro-doroteo-arango"},"_links":{"self":[{"href":"https:\/\/cronicadesoledad.com\/index.php\/wp-json\/wp\/v2\/posts\/11505","targetHints":{"allow":["GET"]}}],"collection":[{"href":"https:\/\/cronicadesoledad.com\/index.php\/wp-json\/wp\/v2\/posts"}],"about":[{"href":"https:\/\/cronicadesoledad.com\/index.php\/wp-json\/wp\/v2\/types\/post"}],"author":[{"embeddable":true,"href":"https:\/\/cronicadesoledad.com\/index.php\/wp-json\/wp\/v2\/users\/2"}],"replies":[{"embeddable":true,"href":"https:\/\/cronicadesoledad.com\/index.php\/wp-json\/wp\/v2\/comments?post=11505"}],"version-history":[{"count":1,"href":"https:\/\/cronicadesoledad.com\/index.php\/wp-json\/wp\/v2\/posts\/11505\/revisions"}],"predecessor-version":[{"id":11507,"href":"https:\/\/cronicadesoledad.com\/index.php\/wp-json\/wp\/v2\/posts\/11505\/revisions\/11507"}],"wp:featuredmedia":[{"embeddable":true,"href":"https:\/\/cronicadesoledad.com\/index.php\/wp-json\/wp\/v2\/media\/11506"}],"wp:attachment":[{"href":"https:\/\/cronicadesoledad.com\/index.php\/wp-json\/wp\/v2\/media?parent=11505"}],"wp:term":[{"taxonomy":"category","embeddable":true,"href":"https:\/\/cronicadesoledad.com\/index.php\/wp-json\/wp\/v2\/categories?post=11505"},{"taxonomy":"post_tag","embeddable":true,"href":"https:\/\/cronicadesoledad.com\/index.php\/wp-json\/wp\/v2\/tags?post=11505"}],"curies":[{"name":"wp","href":"https:\/\/api.w.org\/{rel}","templated":true}]}}