{"id":11519,"date":"2024-07-19T15:14:37","date_gmt":"2024-07-19T21:14:37","guid":{"rendered":"https:\/\/cronicadesoledad.com\/?p=11519"},"modified":"2024-07-19T15:14:37","modified_gmt":"2024-07-19T21:14:37","slug":"bibliotecas-municipales-concluyen-cursos-de-verano","status":"publish","type":"post","link":"https:\/\/cronicadesoledad.com\/index.php\/2024\/07\/19\/bibliotecas-municipales-concluyen-cursos-de-verano\/","title":{"rendered":"Bibliotecas municipales concluyen cursos de verano"},"content":{"rendered":"\n<p>Las bibliotecas municipales de Soledad de Graciano S\u00e1nchez, bajo la direcci\u00f3n de Mar\u00eda Guadalupe Cort\u00e9s Segura, concluyeron sus cursos de verano con un evento que reuni\u00f3 a m\u00e1s de 300 ni\u00f1os y ni\u00f1as beneficiados.<\/p>\n\n\n\n<p>Durante la clausura, se mostr\u00f3 una exhibici\u00f3n de los trabajos realizados por los participantes, destacando los aprendizajes obtenidos durante el verano. Los cursos abordaron temas como el agua, el medio ambiente y el espacio exterior, con el fin de promover la conciencia ambiental y el inter\u00e9s en la ciencia.<\/p>\n\n\n\n<p>Las actividades se llevaron a cabo en las cuatro bibliotecas del municipio e incluyeron talleres de reciclaje, experimentos cient\u00edficos, sesiones de lectura y actividades art\u00edsticas. Los ni\u00f1os aprendieron sobre la importancia del agua, m\u00e9todos para cuidar el medio ambiente y datos sobre el espacio y el sistema solar.<\/p>\n\n\n\n<p>El programa fue dise\u00f1ado para combinar teor\u00eda y pr\u00e1ctica, con actividades semanales centradas en distintos temas. Estas incluyeron juegos educativos, manualidades, charlas por especialistas y visitas a parques locales y un observatorio astron\u00f3mico, permitiendo a los ni\u00f1os aplicar lo aprendido en contextos reales.<\/p>\n\n\n\n<p>Mar\u00eda Guadalupe Cort\u00e9s Segura subray\u00f3 el papel de los cursos en el desarrollo integral de los ni\u00f1os: \u201cEstamos muy orgullosos del entusiasmo y la participaci\u00f3n activa de todos los ni\u00f1os y ni\u00f1as. Estos cursos no solo les brindan conocimientos, sino tambi\u00e9n la oportunidad de desarrollar habilidades sociales y despertar su curiosidad por el mundo que les rodea\u201d.<\/p>\n\n\n\n<p>El evento de clausura incluy\u00f3 la entrega de diplomas y una presentaci\u00f3n teatral realizada por los participantes, quienes interpretaron historias relacionadas con los temas del curso. Familias y amigos asistieron para celebrar y apoyar a los j\u00f3venes, creando un ambiente de comunidad y orgullo.<\/p>\n","protected":false},"excerpt":{"rendered":"<p>Las bibliotecas municipales de Soledad de Graciano S\u00e1nchez, bajo la direcci\u00f3n de Mar\u00eda Guadalupe Cort\u00e9s Segura, concluyeron sus cursos de verano con un evento que reuni\u00f3 a m\u00e1s de 300 ni\u00f1os y ni\u00f1as beneficiados. Durante la clausura, se mostr\u00f3 una exhibici\u00f3n de los trabajos realizados por los participantes, destacando los aprendizajes obtenidos durante el verano. [&hellip;]<\/p>\n","protected":false},"author":2,"featured_media":11520,"comment_status":"open","ping_status":"open","sticky":false,"template":"","format":"standard","meta":{"footnotes":""},"categories":[1,24,21],"tags":[430,2526,2527,918,917,261,27],"class_list":{"0":"post-11519","1":"post","2":"type-post","3":"status-publish","4":"format-standard","5":"has-post-thumbnail","7":"category-destacadas","8":"category-informacion-general","9":"category-tu-soledad","10":"tag-bibliotecas","11":"tag-cursos-de-verano","12":"tag-maria-guadalupe-cortes","13":"tag-ninas","14":"tag-ninos","15":"tag-slp","16":"tag-soledad"},"_links":{"self":[{"href":"https:\/\/cronicadesoledad.com\/index.php\/wp-json\/wp\/v2\/posts\/11519","targetHints":{"allow":["GET"]}}],"collection":[{"href":"https:\/\/cronicadesoledad.com\/index.php\/wp-json\/wp\/v2\/posts"}],"about":[{"href":"https:\/\/cronicadesoledad.com\/index.php\/wp-json\/wp\/v2\/types\/post"}],"author":[{"embeddable":true,"href":"https:\/\/cronicadesoledad.com\/index.php\/wp-json\/wp\/v2\/users\/2"}],"replies":[{"embeddable":true,"href":"https:\/\/cronicadesoledad.com\/index.php\/wp-json\/wp\/v2\/comments?post=11519"}],"version-history":[{"count":1,"href":"https:\/\/cronicadesoledad.com\/index.php\/wp-json\/wp\/v2\/posts\/11519\/revisions"}],"predecessor-version":[{"id":11521,"href":"https:\/\/cronicadesoledad.com\/index.php\/wp-json\/wp\/v2\/posts\/11519\/revisions\/11521"}],"wp:featuredmedia":[{"embeddable":true,"href":"https:\/\/cronicadesoledad.com\/index.php\/wp-json\/wp\/v2\/media\/11520"}],"wp:attachment":[{"href":"https:\/\/cronicadesoledad.com\/index.php\/wp-json\/wp\/v2\/media?parent=11519"}],"wp:term":[{"taxonomy":"category","embeddable":true,"href":"https:\/\/cronicadesoledad.com\/index.php\/wp-json\/wp\/v2\/categories?post=11519"},{"taxonomy":"post_tag","embeddable":true,"href":"https:\/\/cronicadesoledad.com\/index.php\/wp-json\/wp\/v2\/tags?post=11519"}],"curies":[{"name":"wp","href":"https:\/\/api.w.org\/{rel}","templated":true}]}}