{"id":11535,"date":"2024-07-22T13:44:37","date_gmt":"2024-07-22T19:44:37","guid":{"rendered":"https:\/\/cronicadesoledad.com\/?p=11535"},"modified":"2024-07-22T13:44:38","modified_gmt":"2024-07-22T19:44:38","slug":"finaliza-el-festival-de-las-flores","status":"publish","type":"post","link":"https:\/\/cronicadesoledad.com\/index.php\/2024\/07\/22\/finaliza-el-festival-de-las-flores\/","title":{"rendered":"Finaliza el Festival de las Flores"},"content":{"rendered":"\n<p>El Festival de las Flores 2024 concluy\u00f3 el domingo tras 17 d\u00edas de actividades en la Plaza principal de Soledad de Graciano S\u00e1nchez. Desde su inicio el 5 de julio, el evento atrajo a miles de visitantes y cont\u00f3 con la participaci\u00f3n de 170 expositores locales y nacionales.<\/p>\n\n\n\n<p>La alcaldesa interina, Araceli Mart\u00ednez P\u00e9rez, encabez\u00f3 la clausura y expres\u00f3 su satisfacci\u00f3n con el resultado del festival en su d\u00e9cimo aniversario. Agradeci\u00f3 a los expositores y visitantes por su participaci\u00f3n y afirm\u00f3 que Soledad siempre ser\u00e1 su casa.<\/p>\n\n\n\n<p>La directora de Turismo Municipal, Ocari Carre\u00f3n Hern\u00e1ndez, tambi\u00e9n expres\u00f3 su contento por el cierre del evento, que reuni\u00f3 a casi dos centenares de expositores. Coment\u00f3 que el festival fue posible gracias al esfuerzo de varias \u00e1reas del municipio y a los expositores que ofrecieron talleres y cursos gratuitos.<\/p>\n\n\n\n<p>Juanita Jacobo, organizadora del festival, agradeci\u00f3 el apoyo del Ayuntamiento y mencion\u00f3 que algunos expositores hab\u00edan agotado sus productos debido a la alta demanda. Indic\u00f3 que estaban muy contentos con la respuesta de los visitantes y con el resultado del festival.<\/p>\n\n\n\n<p>Durante el evento, los asistentes disfrutaron de una amplia oferta de plantas ornamentales, frutales, artesan\u00edas, m\u00fasica en vivo y actividades culturales. Los comerciantes locales reportaron un aumento en sus ventas, subrayando el impacto positivo del festival en la econom\u00eda local.<\/p>\n\n\n\n<p>El Festival de las Flores atrajo tanto a residentes locales como a visitantes de otras regiones, como Monterrey, Ciudad de M\u00e9xico y Durango. La clausura del festival incluy\u00f3 m\u00fasica en vivo, espect\u00e1culos culturales, una demostraci\u00f3n de danz\u00f3n y una exhibici\u00f3n final de productos.<\/p>\n","protected":false},"excerpt":{"rendered":"<p>El Festival de las Flores 2024 concluy\u00f3 el domingo tras 17 d\u00edas de actividades en la Plaza principal de Soledad de Graciano S\u00e1nchez. Desde su inicio el 5 de julio, el evento atrajo a miles de visitantes y cont\u00f3 con la participaci\u00f3n de 170 expositores locales y nacionales. La alcaldesa interina, Araceli Mart\u00ednez P\u00e9rez, encabez\u00f3 [&hellip;]<\/p>\n","protected":false},"author":2,"featured_media":11536,"comment_status":"open","ping_status":"open","sticky":false,"template":"","format":"standard","meta":{"footnotes":""},"categories":[1,24,21],"tags":[2533,2375,2282,2532,294,27],"class_list":{"0":"post-11535","1":"post","2":"type-post","3":"status-publish","4":"format-standard","5":"has-post-thumbnail","7":"category-destacadas","8":"category-informacion-general","9":"category-tu-soledad","10":"tag-araceli-martinez","11":"tag-clausura","12":"tag-festival-de-las-flores-2024","13":"tag-finaliza","14":"tag-san-luis","15":"tag-soledad"},"_links":{"self":[{"href":"https:\/\/cronicadesoledad.com\/index.php\/wp-json\/wp\/v2\/posts\/11535","targetHints":{"allow":["GET"]}}],"collection":[{"href":"https:\/\/cronicadesoledad.com\/index.php\/wp-json\/wp\/v2\/posts"}],"about":[{"href":"https:\/\/cronicadesoledad.com\/index.php\/wp-json\/wp\/v2\/types\/post"}],"author":[{"embeddable":true,"href":"https:\/\/cronicadesoledad.com\/index.php\/wp-json\/wp\/v2\/users\/2"}],"replies":[{"embeddable":true,"href":"https:\/\/cronicadesoledad.com\/index.php\/wp-json\/wp\/v2\/comments?post=11535"}],"version-history":[{"count":1,"href":"https:\/\/cronicadesoledad.com\/index.php\/wp-json\/wp\/v2\/posts\/11535\/revisions"}],"predecessor-version":[{"id":11537,"href":"https:\/\/cronicadesoledad.com\/index.php\/wp-json\/wp\/v2\/posts\/11535\/revisions\/11537"}],"wp:featuredmedia":[{"embeddable":true,"href":"https:\/\/cronicadesoledad.com\/index.php\/wp-json\/wp\/v2\/media\/11536"}],"wp:attachment":[{"href":"https:\/\/cronicadesoledad.com\/index.php\/wp-json\/wp\/v2\/media?parent=11535"}],"wp:term":[{"taxonomy":"category","embeddable":true,"href":"https:\/\/cronicadesoledad.com\/index.php\/wp-json\/wp\/v2\/categories?post=11535"},{"taxonomy":"post_tag","embeddable":true,"href":"https:\/\/cronicadesoledad.com\/index.php\/wp-json\/wp\/v2\/tags?post=11535"}],"curies":[{"name":"wp","href":"https:\/\/api.w.org\/{rel}","templated":true}]}}