{"id":11557,"date":"2024-07-23T20:00:00","date_gmt":"2024-07-24T02:00:00","guid":{"rendered":"https:\/\/cronicadesoledad.com\/?p=11557"},"modified":"2024-07-23T19:50:33","modified_gmt":"2024-07-24T01:50:33","slug":"expositores-del-festival-de-las-flores-reconocieron-buenas-ventas","status":"publish","type":"post","link":"https:\/\/cronicadesoledad.com\/index.php\/2024\/07\/23\/expositores-del-festival-de-las-flores-reconocieron-buenas-ventas\/","title":{"rendered":"Expositores del Festival de las Flores reconocieron buenas ventas"},"content":{"rendered":"\n<p>El Festival de las Flores 2024, celebrado en la Plaza principal de Soledad de Graciano S\u00e1nchez, concluy\u00f3 rompiendo metas esperadas en cuesti\u00f3n de afluencia de visitantes y ventas para las y los expositores; durante los 18 d\u00edas del evento, comerciantes, provenientes de diversos rincones del pa\u00eds, expresaron su entusiasmo por los resultados obtenidos, dejando un impacto positivo en la econom\u00eda local y la identidad cultural del municipio.<\/p>\n\n\n\n<p>Edgar Ch\u00e1vez Calder\u00f3n, que viaj\u00f3 desde San Diego de la Uni\u00f3n, Guanajuato, para ofrecer sus artesan\u00edas, fue uno de los primeros en terminar con su mercanc\u00eda: &#8220;Hemos logrado vender casi toda nuestra mercanc\u00eda, las artesan\u00edas r\u00fasticas y coloniales que ofrecemos han sido muy bien recibidas; agradecemos profundamente al H. Ayuntamiento de Soledad por la invitaci\u00f3n y el apoyo, venimos desde hace a\u00f1os y siempre nos vamos muy satisfechos&#8221;.<\/p>\n\n\n\n<p>Marcela Vidal, tambi\u00e9n comerciante que lleg\u00f3 desde Jiutepec, Morelos, coment\u00f3 sobre su positiva experiencia: &#8220;Es nuestro segundo a\u00f1o participando y todo ha sido excelente, nosotros somos productores de hierbas de olor, plantas medicinales, \u00e1rboles frutales y de ornato, y la respuesta del p\u00fablico ha sido maravillosa&#8221;.<\/p>\n\n\n\n<p>Juanita Jacobo, comerciante y organizadora de este Festival, a\u00f1adi\u00f3 que este a\u00f1o fue especialmente bueno pues esta exposici\u00f3n de flores creci\u00f3: &#8220;Este a\u00f1o nos ha ido excelentemente bien, una compa\u00f1era de Oaxaca agot\u00f3 todo su producto, lo que demuestra el \u00e9xito del Festival; por eso agradecemos al municipio por su apoyo y por brindar una plataforma tan efectiva\u201d.<\/p>\n\n\n\n<p>Cada d\u00eda a lo largo del Festival, los pasillos se llenaron de gente, color, alegr\u00eda y m\u00faltiples olores, con la presencia de cientos de especies que estuvieron al alcance de familias de Soledad de Graciano S\u00e1nchez, la capital potosina y regiones aleda\u00f1as, quienes hasta la medianoche de este lunes adquirieron plantas a los mejores precios y calidad.<\/p>\n","protected":false},"excerpt":{"rendered":"<p>El Festival de las Flores 2024, celebrado en la Plaza principal de Soledad de Graciano S\u00e1nchez, concluy\u00f3 rompiendo metas esperadas en cuesti\u00f3n de afluencia de visitantes y ventas para las y los expositores; durante los 18 d\u00edas del evento, comerciantes, provenientes de diversos rincones del pa\u00eds, expresaron su entusiasmo por los resultados obtenidos, dejando un [&hellip;]<\/p>\n","protected":false},"author":2,"featured_media":0,"comment_status":"open","ping_status":"open","sticky":false,"template":"","format":"standard","meta":{"footnotes":""},"categories":[24,21],"tags":[223,2282,294,261,27],"class_list":{"0":"post-11557","1":"post","2":"type-post","3":"status-publish","4":"format-standard","6":"category-informacion-general","7":"category-tu-soledad","8":"tag-ayuntamiento-soledense","9":"tag-festival-de-las-flores-2024","10":"tag-san-luis","11":"tag-slp","12":"tag-soledad"},"_links":{"self":[{"href":"https:\/\/cronicadesoledad.com\/index.php\/wp-json\/wp\/v2\/posts\/11557","targetHints":{"allow":["GET"]}}],"collection":[{"href":"https:\/\/cronicadesoledad.com\/index.php\/wp-json\/wp\/v2\/posts"}],"about":[{"href":"https:\/\/cronicadesoledad.com\/index.php\/wp-json\/wp\/v2\/types\/post"}],"author":[{"embeddable":true,"href":"https:\/\/cronicadesoledad.com\/index.php\/wp-json\/wp\/v2\/users\/2"}],"replies":[{"embeddable":true,"href":"https:\/\/cronicadesoledad.com\/index.php\/wp-json\/wp\/v2\/comments?post=11557"}],"version-history":[{"count":1,"href":"https:\/\/cronicadesoledad.com\/index.php\/wp-json\/wp\/v2\/posts\/11557\/revisions"}],"predecessor-version":[{"id":11559,"href":"https:\/\/cronicadesoledad.com\/index.php\/wp-json\/wp\/v2\/posts\/11557\/revisions\/11559"}],"wp:attachment":[{"href":"https:\/\/cronicadesoledad.com\/index.php\/wp-json\/wp\/v2\/media?parent=11557"}],"wp:term":[{"taxonomy":"category","embeddable":true,"href":"https:\/\/cronicadesoledad.com\/index.php\/wp-json\/wp\/v2\/categories?post=11557"},{"taxonomy":"post_tag","embeddable":true,"href":"https:\/\/cronicadesoledad.com\/index.php\/wp-json\/wp\/v2\/tags?post=11557"}],"curies":[{"name":"wp","href":"https:\/\/api.w.org\/{rel}","templated":true}]}}