{"id":11563,"date":"2024-07-23T22:00:00","date_gmt":"2024-07-24T04:00:00","guid":{"rendered":"https:\/\/cronicadesoledad.com\/?p=11563"},"modified":"2024-07-23T19:54:11","modified_gmt":"2024-07-24T01:54:11","slug":"proteccion-civil-emite-recomendaciones-ante-pronostico-de-lluvias","status":"publish","type":"post","link":"https:\/\/cronicadesoledad.com\/index.php\/2024\/07\/23\/proteccion-civil-emite-recomendaciones-ante-pronostico-de-lluvias\/","title":{"rendered":"Protecci\u00f3n Civil emite recomendaciones ante pron\u00f3stico de lluvias"},"content":{"rendered":"\n<p>Ante el pron\u00f3stico de lluvias ligeras por la noche y de precipitaciones m\u00e1s intensas a partir de las tres de la tarde del d\u00eda de ma\u00f1ana, la Coordinaci\u00f3n Municipal de Protecci\u00f3n Civil de Soledad de Graciano S\u00e1nchez emiti\u00f3 una serie de recomendaciones a la poblaci\u00f3n, con el fin de minimizar riesgos y estar preparados para cualquier eventualidad. Adem\u00e1s, reafirm\u00f3 un equipo operativo para atender las emergencias que pongan en vulnerabilidad la integridad social.&nbsp;<\/p>\n\n\n\n<p>El titular del \u00e1rea Mart\u00edn Bravo Galicia, inform\u00f3 que, seg\u00fan los pron\u00f3sticos meteorol\u00f3gicos, se espera que alrededor de las 7 de la tarde se presenten tormentas el\u00e9ctricas similares a las ocurridas la semana pasada, en respuesta a esta situaci\u00f3n, la Coordinaci\u00f3n implement\u00f3 una serie de medidas preventivas y de atenci\u00f3n inmediata.<\/p>\n\n\n\n<p>&#8220;Estamos preparados y coordinados con los departamentos municipales, y tambi\u00e9n con las instancias estatales, quienes nos han brindado apoyo para asegurar que la atenci\u00f3n sea r\u00e1pida y con el m\u00ednimo grado de p\u00e9rdidas,&#8221; declar\u00f3 Bravo Galicia.<\/p>\n\n\n\n<p>Se pide a la poblaci\u00f3n mantenerse informada a trav\u00e9s de los canales oficiales y tomar precauciones como: evitar salir de casa durante tormentas el\u00e9ctricas, desconectar aparatos electr\u00f3nicos y evitar el uso de dispositivos el\u00e9ctricos durante las tormentas; no intentar cruzar calles o avenidas inundadas, como el Bulevar R\u00edo Santiago; en caso de emergencia, acudir a los albergues habilitados.<\/p>\n\n\n\n<p>Adem\u00e1s, los albergues est\u00e1n activos y listos para recibir a la poblaci\u00f3n en caso de ser necesario, entre los albergues disponibles se encuentran el Auditorio del CBTIS, que cuenta con una brigada interna de la Unidad de Protecci\u00f3n Civil; el del Sistema Municipal para el Desarrollo Integral de la Familia (DIF) Municipal y el albergue de la colonia Las Flores, tambi\u00e9n a cargo del DIF Municipal.<\/p>\n\n\n\n<p>&#8220;Nuestro objetivo es proteger a nuestra poblaci\u00f3n y garantizar su seguridad ante estos fen\u00f3menos meteorol\u00f3gicos, pedimos a todas y todos seguir las recomendaciones y mantenerse alertas&#8221;, finaliz\u00f3 Bravo Galicia.<\/p>\n","protected":false},"excerpt":{"rendered":"<p>Ante el pron\u00f3stico de lluvias ligeras por la noche y de precipitaciones m\u00e1s intensas a partir de las tres de la tarde del d\u00eda de ma\u00f1ana, la Coordinaci\u00f3n Municipal de Protecci\u00f3n Civil de Soledad de Graciano S\u00e1nchez emiti\u00f3 una serie de recomendaciones a la poblaci\u00f3n, con el fin de minimizar riesgos y estar preparados para [&hellip;]<\/p>\n","protected":false},"author":2,"featured_media":11564,"comment_status":"open","ping_status":"open","sticky":false,"template":"","format":"standard","meta":{"footnotes":""},"categories":[24,19,21],"tags":[223,346,1878,294,276,261,27],"class_list":{"0":"post-11563","1":"post","2":"type-post","3":"status-publish","4":"format-standard","5":"has-post-thumbnail","7":"category-informacion-general","8":"category-seguridad","9":"category-tu-soledad","10":"tag-ayuntamiento-soledense","11":"tag-lluvias","12":"tag-proteccion-civil-2","13":"tag-san-luis","14":"tag-seguridad","15":"tag-slp","16":"tag-soledad"},"_links":{"self":[{"href":"https:\/\/cronicadesoledad.com\/index.php\/wp-json\/wp\/v2\/posts\/11563","targetHints":{"allow":["GET"]}}],"collection":[{"href":"https:\/\/cronicadesoledad.com\/index.php\/wp-json\/wp\/v2\/posts"}],"about":[{"href":"https:\/\/cronicadesoledad.com\/index.php\/wp-json\/wp\/v2\/types\/post"}],"author":[{"embeddable":true,"href":"https:\/\/cronicadesoledad.com\/index.php\/wp-json\/wp\/v2\/users\/2"}],"replies":[{"embeddable":true,"href":"https:\/\/cronicadesoledad.com\/index.php\/wp-json\/wp\/v2\/comments?post=11563"}],"version-history":[{"count":1,"href":"https:\/\/cronicadesoledad.com\/index.php\/wp-json\/wp\/v2\/posts\/11563\/revisions"}],"predecessor-version":[{"id":11565,"href":"https:\/\/cronicadesoledad.com\/index.php\/wp-json\/wp\/v2\/posts\/11563\/revisions\/11565"}],"wp:featuredmedia":[{"embeddable":true,"href":"https:\/\/cronicadesoledad.com\/index.php\/wp-json\/wp\/v2\/media\/11564"}],"wp:attachment":[{"href":"https:\/\/cronicadesoledad.com\/index.php\/wp-json\/wp\/v2\/media?parent=11563"}],"wp:term":[{"taxonomy":"category","embeddable":true,"href":"https:\/\/cronicadesoledad.com\/index.php\/wp-json\/wp\/v2\/categories?post=11563"},{"taxonomy":"post_tag","embeddable":true,"href":"https:\/\/cronicadesoledad.com\/index.php\/wp-json\/wp\/v2\/tags?post=11563"}],"curies":[{"name":"wp","href":"https:\/\/api.w.org\/{rel}","templated":true}]}}