{"id":11575,"date":"2024-07-24T22:00:00","date_gmt":"2024-07-25T04:00:00","guid":{"rendered":"https:\/\/cronicadesoledad.com\/?p=11575"},"modified":"2024-07-24T20:17:15","modified_gmt":"2024-07-25T02:17:15","slug":"con-taller-gratuito-impulsan-la-formalizacion-de-negocios","status":"publish","type":"post","link":"https:\/\/cronicadesoledad.com\/index.php\/2024\/07\/24\/con-taller-gratuito-impulsan-la-formalizacion-de-negocios\/","title":{"rendered":"Con taller gratuito, impulsan la formalizaci\u00f3n de negocios"},"content":{"rendered":"\n<p>Para proporcionar herramientas necesarias para que las y los emprendedores puedan formalizar sus ideas de negocios, y accedan a beneficios fiscales, legales y comerciales, el Ayuntamiento de Soledad de Graciano S\u00e1nchez invita a todas y todos los interesados a participar en el taller &#8220;Emprende\u201d, el cual se otorgar\u00e1 de manera gratuita y con todas las facilidades necesarias.<\/p>\n\n\n\n<p>Este taller gestionado por el Instituto Municipal de la Juventud se llevar\u00e1 los s\u00e1bados y domingos del 27 de julio al 18 de agosto, en modalidad presencial, en un horario de 9:00 a 14:00 horas en el siguiente domicilio: calle Tezontle #495 en la colonia Las Piedras. Para m\u00e1s informaci\u00f3n y para inscribirse, las y los interesados pueden comunicarse al n\u00famero 444-626-86-46, declar\u00f3 Gerardo Sosa Torres, titular del \u00e1rea municipal.<\/p>\n\n\n\n<p>Detall\u00f3 que este taller abarca una variedad de temas esenciales para cualquier emprendedor, incluyendo desarrollo humano, finanzas, aspectos legales y fiscales, responsabilidad social empresarial, administraci\u00f3n, mercadotecnia, ventas y servicio al cliente. Agreg\u00f3 que derivado de un convenio establecido con el Ayuntamiento de Soledad de Graciano S\u00e1nchez con la empresa sede, este taller est\u00e1 abierto a cualquier persona que tenga un negocio o desee iniciar uno, proporcionando una oportunidad \u00fanica para impulsar sus ideas y proyectos.<\/p>\n\n\n\n<p>\u201cEste taller es muy completo en donde les dar\u00e1n las facultades para quienes ya tienen un negocio les dar\u00e1 la formalidad para impulsarlo y a quienes deseen iniciarlo aprender\u00e1n a trav\u00e9s de las diversas modalidades y ense\u00f1anzas que tendr\u00e1; este proyecto tiene un costo de recuperaci\u00f3n, se pide que cada persona que se inscriba tenga compromiso de asistencia, mediante el ayuntamiento de Soledad\u201d, agreg\u00f3.<\/p>\n\n\n\n<p>A lo largo de un mes, las y los participantes recibir\u00e1n capacitaci\u00f3n integral para adquirir las bases necesarias y desarrollar un plan de negocios s\u00f3lido y viable, de esta manera cada negocio podr\u00e1 adquirir formalidad y las herramientas necesarias para alcanzar el \u00e9xito en el competitivo mercado actual.<\/p>\n","protected":false},"excerpt":{"rendered":"<p>Para proporcionar herramientas necesarias para que las y los emprendedores puedan formalizar sus ideas de negocios, y accedan a beneficios fiscales, legales y comerciales, el Ayuntamiento de Soledad de Graciano S\u00e1nchez invita a todas y todos los interesados a participar en el taller &#8220;Emprende\u201d, el cual se otorgar\u00e1 de manera gratuita y con todas las [&hellip;]<\/p>\n","protected":false},"author":2,"featured_media":11576,"comment_status":"open","ping_status":"open","sticky":false,"template":"","format":"standard","meta":{"footnotes":""},"categories":[24,21],"tags":[223,1974,2541,294,261,27,962],"class_list":{"0":"post-11575","1":"post","2":"type-post","3":"status-publish","4":"format-standard","5":"has-post-thumbnail","7":"category-informacion-general","8":"category-tu-soledad","9":"tag-ayuntamiento-soledense","10":"tag-emprendimiento","11":"tag-negocios","12":"tag-san-luis","13":"tag-slp","14":"tag-soledad","15":"tag-taller"},"_links":{"self":[{"href":"https:\/\/cronicadesoledad.com\/index.php\/wp-json\/wp\/v2\/posts\/11575","targetHints":{"allow":["GET"]}}],"collection":[{"href":"https:\/\/cronicadesoledad.com\/index.php\/wp-json\/wp\/v2\/posts"}],"about":[{"href":"https:\/\/cronicadesoledad.com\/index.php\/wp-json\/wp\/v2\/types\/post"}],"author":[{"embeddable":true,"href":"https:\/\/cronicadesoledad.com\/index.php\/wp-json\/wp\/v2\/users\/2"}],"replies":[{"embeddable":true,"href":"https:\/\/cronicadesoledad.com\/index.php\/wp-json\/wp\/v2\/comments?post=11575"}],"version-history":[{"count":1,"href":"https:\/\/cronicadesoledad.com\/index.php\/wp-json\/wp\/v2\/posts\/11575\/revisions"}],"predecessor-version":[{"id":11577,"href":"https:\/\/cronicadesoledad.com\/index.php\/wp-json\/wp\/v2\/posts\/11575\/revisions\/11577"}],"wp:featuredmedia":[{"embeddable":true,"href":"https:\/\/cronicadesoledad.com\/index.php\/wp-json\/wp\/v2\/media\/11576"}],"wp:attachment":[{"href":"https:\/\/cronicadesoledad.com\/index.php\/wp-json\/wp\/v2\/media?parent=11575"}],"wp:term":[{"taxonomy":"category","embeddable":true,"href":"https:\/\/cronicadesoledad.com\/index.php\/wp-json\/wp\/v2\/categories?post=11575"},{"taxonomy":"post_tag","embeddable":true,"href":"https:\/\/cronicadesoledad.com\/index.php\/wp-json\/wp\/v2\/tags?post=11575"}],"curies":[{"name":"wp","href":"https:\/\/api.w.org\/{rel}","templated":true}]}}