{"id":11588,"date":"2024-07-25T20:00:00","date_gmt":"2024-07-26T02:00:00","guid":{"rendered":"https:\/\/cronicadesoledad.com\/?p=11588"},"modified":"2024-07-25T22:56:30","modified_gmt":"2024-07-26T04:56:30","slug":"este-sabado-y-domingo-fiesta-canina-dog-fest","status":"publish","type":"post","link":"https:\/\/cronicadesoledad.com\/index.php\/2024\/07\/25\/este-sabado-y-domingo-fiesta-canina-dog-fest\/","title":{"rendered":"Este s\u00e1bado y domingo, fiesta canina Dog Fest"},"content":{"rendered":"\n<p>El Ayuntamiento de Soledad de Graciano S\u00e1nchez, comprometido con el bienestar animal, invita a toda la poblaci\u00f3n a participar en el Dog Fest que se llevar\u00e1 a cabo este fin de semana en la Plaza principal; el evento, programado para el s\u00e1bado 27 y domingo 28 de julio, ofrecer\u00e1 una variedad de actividades dise\u00f1adas para el disfrute de toda la familia y sus mascotas.<\/p>\n\n\n\n<p>F\u00e9lix Herrera Ortega, director de Desarrollo Econ\u00f3mico, destac\u00f3 la importancia de este evento para fomentar la tenencia responsable de mascotas, \u201ceste evento reunir\u00e1 a participantes de cinco estados de la Rep\u00fablica Mexicana y se centrar\u00e1 exclusivamente en la exposici\u00f3n de perros de raza con certificados y premios nacionales, la canofilia busca mejorar las razas de perros, a trav\u00e9s de la crianza, el cuidado, y la competici\u00f3n, siguiendo est\u00e1ndares y participando en eventos como este donde se eval\u00faan las caracter\u00edsticas y habilidades de las mascotas\u201d.<\/p>\n\n\n\n<p>El s\u00e1bado estar\u00e1 dedicado a concursos de mascotas, donde las y los participantes podr\u00e1n demostrar las habilidades y destrezas de sus perros, adem\u00e1s, se ofrecer\u00e1n clases de adiestramiento para ense\u00f1ar t\u00e9cnicas b\u00e1sicas y avanzadas, mejorando el comportamiento y la relaci\u00f3n con las mascotas.<\/p>\n\n\n\n<p>Mario Ru\u00edz Dom\u00ednguez, organizador del evento, mencion\u00f3 que una de las actividades m\u00e1s esperadas ser\u00e1 la pasarela canina, en la que se presentar\u00e1n perros disponibles para adopci\u00f3n y se compartir\u00e1n sus historias de rescate; tambi\u00e9n se llevar\u00e1 a cabo una jornada de adopci\u00f3n responsable en colaboraci\u00f3n con fundaciones, asegurando que los nuevos due\u00f1os o due\u00f1as cumplan con todos los requisitos necesarios para garantizar un buen futuro a los animales adoptados.<\/p>\n\n\n\n<p>\u201cSe busca sobre todo inculcar a los ni\u00f1os el cuidado adecuado de las mascotas, adem\u00e1s de los concursos y juegos, ofreceremos un protocolo de adopci\u00f3n responsable para asegurar que los perritos encuentren hogares que puedan brindarles el amor y cuidado que necesitan\u201d, explic\u00f3 Ruiz Dom\u00ednguez.<\/p>\n\n\n\n<p>El domingo, el enfoque ser\u00e1 una exposici\u00f3n profesional de razas con pedigree y participaci\u00f3n en concursos nacionales, juzgada por una experta reconocida en el \u00e1mbito can\u00f3filo; durante esta jornada se entregar\u00e1n reconocimientos a personas rescatistas destacadas, y se llevar\u00e1n a cabo competencias de conformaci\u00f3n y belleza, en las que los perros podr\u00e1n mostrar su elegancia y entrenamiento, donde los ganadores recibir\u00e1n premios especiales.<\/p>\n\n\n\n<p>El Dog Fest que se realizar\u00e1 en Soledad es un evento de relevancia nacional que no se realizaba en San Luis Potos\u00ed desde hace m\u00e1s de siete a\u00f1os, en el evento participar\u00e1n cientos de ejemplares de diferentes razas que participar\u00e1n en la exposici\u00f3n canina en tama\u00f1o, disfraces, el mejor talento y obediencia, agilidad, por lo que se espera un gran n\u00famero de visitantes.<\/p>\n","protected":false},"excerpt":{"rendered":"<p>El Ayuntamiento de Soledad de Graciano S\u00e1nchez, comprometido con el bienestar animal, invita a toda la poblaci\u00f3n a participar en el Dog Fest que se llevar\u00e1 a cabo este fin de semana en la Plaza principal; el evento, programado para el s\u00e1bado 27 y domingo 28 de julio, ofrecer\u00e1 una variedad de actividades dise\u00f1adas para [&hellip;]<\/p>\n","protected":false},"author":2,"featured_media":11589,"comment_status":"open","ping_status":"open","sticky":false,"template":"","format":"standard","meta":{"footnotes":""},"categories":[24,21],"tags":[223,2374,1725,1407,294,261,27,2182],"class_list":{"0":"post-11588","1":"post","2":"type-post","3":"status-publish","4":"format-standard","5":"has-post-thumbnail","7":"category-informacion-general","8":"category-tu-soledad","9":"tag-ayuntamiento-soledense","10":"tag-dog-fest","11":"tag-mascotas","12":"tag-perros","13":"tag-san-luis","14":"tag-slp","15":"tag-soledad","16":"tag-verano"},"_links":{"self":[{"href":"https:\/\/cronicadesoledad.com\/index.php\/wp-json\/wp\/v2\/posts\/11588","targetHints":{"allow":["GET"]}}],"collection":[{"href":"https:\/\/cronicadesoledad.com\/index.php\/wp-json\/wp\/v2\/posts"}],"about":[{"href":"https:\/\/cronicadesoledad.com\/index.php\/wp-json\/wp\/v2\/types\/post"}],"author":[{"embeddable":true,"href":"https:\/\/cronicadesoledad.com\/index.php\/wp-json\/wp\/v2\/users\/2"}],"replies":[{"embeddable":true,"href":"https:\/\/cronicadesoledad.com\/index.php\/wp-json\/wp\/v2\/comments?post=11588"}],"version-history":[{"count":1,"href":"https:\/\/cronicadesoledad.com\/index.php\/wp-json\/wp\/v2\/posts\/11588\/revisions"}],"predecessor-version":[{"id":11590,"href":"https:\/\/cronicadesoledad.com\/index.php\/wp-json\/wp\/v2\/posts\/11588\/revisions\/11590"}],"wp:featuredmedia":[{"embeddable":true,"href":"https:\/\/cronicadesoledad.com\/index.php\/wp-json\/wp\/v2\/media\/11589"}],"wp:attachment":[{"href":"https:\/\/cronicadesoledad.com\/index.php\/wp-json\/wp\/v2\/media?parent=11588"}],"wp:term":[{"taxonomy":"category","embeddable":true,"href":"https:\/\/cronicadesoledad.com\/index.php\/wp-json\/wp\/v2\/categories?post=11588"},{"taxonomy":"post_tag","embeddable":true,"href":"https:\/\/cronicadesoledad.com\/index.php\/wp-json\/wp\/v2\/tags?post=11588"}],"curies":[{"name":"wp","href":"https:\/\/api.w.org\/{rel}","templated":true}]}}