{"id":11609,"date":"2024-07-29T03:00:00","date_gmt":"2024-07-29T09:00:00","guid":{"rendered":"https:\/\/cronicadesoledad.com\/?p=11609"},"modified":"2024-07-28T23:58:50","modified_gmt":"2024-07-29T05:58:50","slug":"guardia-civil-estatal-capturo-a-presuntos-secuestradores","status":"publish","type":"post","link":"https:\/\/cronicadesoledad.com\/index.php\/2024\/07\/29\/guardia-civil-estatal-capturo-a-presuntos-secuestradores\/","title":{"rendered":"Capturaron a secuestradores y liberaron a v\u00edctima"},"content":{"rendered":"\n<p>SOLEDAD DE GRACIANO S\u00c1NCHEZ. &#8211; En una r\u00e1pida y eficaz acci\u00f3n operativa a cargo de agentes de la Divisi\u00f3n Caminos y Guardia Civil Estatal en coordinaci\u00f3n con C5i2, fue rescatado un masculino que hab\u00eda sido privado de su libertad, procediendo a la captura de dos presuntos secuestradores; se les asegur\u00f3 una camioneta robada y un fusil de asalto.<\/p>\n\n\n\n<p>Polic\u00edas especializados del C5i2, emitieron una alerta a los uniformados estatales sobre una camioneta Tahoe, color blanco, modelo 2007 que contaba con reporte de robo del 09\/07\/2024, colonia Tanque Nuevo en el municipio de Villa Hidalgo. Los presuntos circulaban sobre Circuito Potos\u00ed, pr\u00f3ximo al Parque Tangamanga I, por ello los oficiales se desplazaron de inmediato al lugar.<\/p>\n\n\n\n<p>Tras detectarlos, procedieron a marcarles el alto, mediante se\u00f1ales audibles y visibles, sin embargo, hicieron caso omiso y aceleraron su marcha, inici\u00e1ndose una persecuci\u00f3n. Los elementos estatales solicitaron el apoyo del personal operativo pr\u00f3ximo, para evitar que los supuestos criminales huyeran.<\/p>\n\n\n\n<p>Derivado del seguimiento, los presuntos se impactaron contra una palmera, sobre Avenida de los Cactus, en el municipio de Soledad de Graciano S\u00e1nchez.&nbsp; Ah\u00ed fueron detenidos Edwin &#8220;N&#8221; de 21 a\u00f1os de edad y Adri\u00e1n &#8220;N&#8221; de 25 a\u00f1os, quienes fueron despojados de un fusil calibre 7.62&#215;39 mil\u00edmetros, un cargador y 28 cartuchos \u00fatiles.<\/p>\n\n\n\n<p>En el lugar se encontr\u00f3 a una tercera persona, siendo un masculino, quien indic\u00f3 que horas antes, hab\u00eda sido privado de su libertad, por los presuntos. De inmediato se le brind\u00f3 auxilio y apoyo humanitario, siendo protegido y traslado a recibir atenci\u00f3n m\u00e9dica, para posteriormente, ser reunido con sus familiares.<\/p>\n\n\n\n<p>Las personas detenidas, cuentan con antecedentes criminales, por los probables delitos de: robo a comercio con violencia, portaci\u00f3n de armas prohibidas y posesi\u00f3n de estupefacientes.<\/p>\n\n\n\n<p>Los presuntos, as\u00ed como la unidad asegurada y el resto de los indicios fueron puestos a disposici\u00f3n de las autoridades de investigaci\u00f3n, para lo conducente.<\/p>\n\n\n\n<p>La Secretar\u00eda de Seguridad y Protecci\u00f3n Ciudadana del Estado, a trav\u00e9s de la Guardia Civil Estatal, refrenda su compromiso con la sociedad para seguir combatiendo a la delincuencia en todas sus formas y con ello brindar mejores niveles de paz y tranquilidad.<\/p>\n","protected":false},"excerpt":{"rendered":"<p>SOLEDAD DE GRACIANO S\u00c1NCHEZ. &#8211; En una r\u00e1pida y eficaz acci\u00f3n operativa a cargo de agentes de la Divisi\u00f3n Caminos y Guardia Civil Estatal en coordinaci\u00f3n con C5i2, fue rescatado un masculino que hab\u00eda sido privado de su libertad, procediendo a la captura de dos presuntos secuestradores; se les asegur\u00f3 una camioneta robada y un [&hellip;]<\/p>\n","protected":false},"author":2,"featured_media":11610,"comment_status":"open","ping_status":"open","sticky":false,"template":"","format":"standard","meta":{"footnotes":""},"categories":[1,24,19],"tags":[1913,1835,1836,294,276,261,27],"class_list":{"0":"post-11609","1":"post","2":"type-post","3":"status-publish","4":"format-standard","5":"has-post-thumbnail","7":"category-destacadas","8":"category-informacion-general","9":"category-seguridad","10":"tag-gce","11":"tag-policia-2","12":"tag-policiaca-3","13":"tag-san-luis","14":"tag-seguridad","15":"tag-slp","16":"tag-soledad"},"_links":{"self":[{"href":"https:\/\/cronicadesoledad.com\/index.php\/wp-json\/wp\/v2\/posts\/11609","targetHints":{"allow":["GET"]}}],"collection":[{"href":"https:\/\/cronicadesoledad.com\/index.php\/wp-json\/wp\/v2\/posts"}],"about":[{"href":"https:\/\/cronicadesoledad.com\/index.php\/wp-json\/wp\/v2\/types\/post"}],"author":[{"embeddable":true,"href":"https:\/\/cronicadesoledad.com\/index.php\/wp-json\/wp\/v2\/users\/2"}],"replies":[{"embeddable":true,"href":"https:\/\/cronicadesoledad.com\/index.php\/wp-json\/wp\/v2\/comments?post=11609"}],"version-history":[{"count":2,"href":"https:\/\/cronicadesoledad.com\/index.php\/wp-json\/wp\/v2\/posts\/11609\/revisions"}],"predecessor-version":[{"id":11616,"href":"https:\/\/cronicadesoledad.com\/index.php\/wp-json\/wp\/v2\/posts\/11609\/revisions\/11616"}],"wp:featuredmedia":[{"embeddable":true,"href":"https:\/\/cronicadesoledad.com\/index.php\/wp-json\/wp\/v2\/media\/11610"}],"wp:attachment":[{"href":"https:\/\/cronicadesoledad.com\/index.php\/wp-json\/wp\/v2\/media?parent=11609"}],"wp:term":[{"taxonomy":"category","embeddable":true,"href":"https:\/\/cronicadesoledad.com\/index.php\/wp-json\/wp\/v2\/categories?post=11609"},{"taxonomy":"post_tag","embeddable":true,"href":"https:\/\/cronicadesoledad.com\/index.php\/wp-json\/wp\/v2\/tags?post=11609"}],"curies":[{"name":"wp","href":"https:\/\/api.w.org\/{rel}","templated":true}]}}