{"id":11660,"date":"2024-07-30T16:05:00","date_gmt":"2024-07-30T22:05:00","guid":{"rendered":"https:\/\/cronicadesoledad.com\/?p=11660"},"modified":"2024-07-30T21:55:31","modified_gmt":"2024-07-31T03:55:31","slug":"alertan-sobre-lluvias-intensas","status":"publish","type":"post","link":"https:\/\/cronicadesoledad.com\/index.php\/2024\/07\/30\/alertan-sobre-lluvias-intensas\/","title":{"rendered":"Alertan sobre lluvias intensas"},"content":{"rendered":"\n<p>El Ayuntamiento de Soledad de Graciano S\u00e1nchez ha emitido un aviso a la poblaci\u00f3n sobre la llegada de la onda tropical 14 y las intensas lluvias previstas en la zona metropolitana. Las autoridades locales aconsejan tomar precauciones en el hogar y al circular por las calles del municipio.<\/p>\n\n\n\n<p>Mart\u00edn Bravo Galicia, titular de Protecci\u00f3n Civil Municipal, recomend\u00f3 revisar y limpiar desag\u00fces y coladeras para evitar inundaciones en patios y azoteas. Tambi\u00e9n sugiri\u00f3 asegurar ventanas y puertas para prevenir filtraciones de agua y desconectar aparatos el\u00e9ctricos en caso de que el agua entre en los interiores, evitando as\u00ed posibles cortocircuitos.<\/p>\n\n\n\n<p>Bravo Galicia hizo hincapi\u00e9 en que la poblaci\u00f3n debe evitar ingresar al R\u00edo Santiago debido al aumento de su caudal tras el desfogue de agua de la presa San Jos\u00e9. Advirti\u00f3 que algunas personas han tenido dificultades para salir del r\u00edo debido a la fuerte corriente y han necesitado rescate.<\/p>\n\n\n\n<p>La Direcci\u00f3n de Ecolog\u00eda Municipal record\u00f3 a los ciudadanos no arrojar desechos en la v\u00eda p\u00fablica, limpiar sus alrededores y evitar la obstrucci\u00f3n de alcantarillas y rejillas de drenaje.<\/p>\n\n\n\n<p>El gobierno municipal, a trav\u00e9s de Protecci\u00f3n Civil y otras dependencias, est\u00e1 en alerta y preparado para responder a emergencias. Se recomienda a la ciudadan\u00eda seguir estas directrices para proteger su seguridad y colaborar con las autoridades en la prevenci\u00f3n de riesgos.<\/p>\n","protected":false},"excerpt":{"rendered":"<p>El Ayuntamiento de Soledad de Graciano S\u00e1nchez ha emitido un aviso a la poblaci\u00f3n sobre la llegada de la onda tropical 14 y las intensas lluvias previstas en la zona metropolitana. Las autoridades locales aconsejan tomar precauciones en el hogar y al circular por las calles del municipio. Mart\u00edn Bravo Galicia, titular de Protecci\u00f3n Civil [&hellip;]<\/p>\n","protected":false},"author":2,"featured_media":11661,"comment_status":"open","ping_status":"open","sticky":false,"template":"","format":"standard","meta":{"footnotes":""},"categories":[1,24,21],"tags":[2025,2368,346,525,294,276,27],"class_list":{"0":"post-11660","1":"post","2":"type-post","3":"status-publish","4":"format-standard","5":"has-post-thumbnail","7":"category-destacadas","8":"category-informacion-general","9":"category-tu-soledad","10":"tag-alerta","11":"tag-ayuntamiento","12":"tag-lluvias","13":"tag-proteccion-civil","14":"tag-san-luis","15":"tag-seguridad","16":"tag-soledad"},"_links":{"self":[{"href":"https:\/\/cronicadesoledad.com\/index.php\/wp-json\/wp\/v2\/posts\/11660","targetHints":{"allow":["GET"]}}],"collection":[{"href":"https:\/\/cronicadesoledad.com\/index.php\/wp-json\/wp\/v2\/posts"}],"about":[{"href":"https:\/\/cronicadesoledad.com\/index.php\/wp-json\/wp\/v2\/types\/post"}],"author":[{"embeddable":true,"href":"https:\/\/cronicadesoledad.com\/index.php\/wp-json\/wp\/v2\/users\/2"}],"replies":[{"embeddable":true,"href":"https:\/\/cronicadesoledad.com\/index.php\/wp-json\/wp\/v2\/comments?post=11660"}],"version-history":[{"count":1,"href":"https:\/\/cronicadesoledad.com\/index.php\/wp-json\/wp\/v2\/posts\/11660\/revisions"}],"predecessor-version":[{"id":11662,"href":"https:\/\/cronicadesoledad.com\/index.php\/wp-json\/wp\/v2\/posts\/11660\/revisions\/11662"}],"wp:featuredmedia":[{"embeddable":true,"href":"https:\/\/cronicadesoledad.com\/index.php\/wp-json\/wp\/v2\/media\/11661"}],"wp:attachment":[{"href":"https:\/\/cronicadesoledad.com\/index.php\/wp-json\/wp\/v2\/media?parent=11660"}],"wp:term":[{"taxonomy":"category","embeddable":true,"href":"https:\/\/cronicadesoledad.com\/index.php\/wp-json\/wp\/v2\/categories?post=11660"},{"taxonomy":"post_tag","embeddable":true,"href":"https:\/\/cronicadesoledad.com\/index.php\/wp-json\/wp\/v2\/tags?post=11660"}],"curies":[{"name":"wp","href":"https:\/\/api.w.org\/{rel}","templated":true}]}}