{"id":11669,"date":"2024-07-30T22:37:40","date_gmt":"2024-07-31T04:37:40","guid":{"rendered":"https:\/\/cronicadesoledad.com\/?p=11669"},"modified":"2024-07-30T22:37:41","modified_gmt":"2024-07-31T04:37:41","slug":"infantes-se-divierten-en-campamentos-de-verano","status":"publish","type":"post","link":"https:\/\/cronicadesoledad.com\/index.php\/2024\/07\/30\/infantes-se-divierten-en-campamentos-de-verano\/","title":{"rendered":"Infantes se divierten en campamentos de verano"},"content":{"rendered":"\n<p>Los campamentos de verano organizados por el Gobierno Municipal de Soledad de Graciano S\u00e1nchez siguen siendo un gran \u00e9xito, brindando a ni\u00f1as y ni\u00f1os una variedad de actividades recreativas y educativas durante el periodo vacacional; este a\u00f1o, el municipio ampli\u00f3 su oferta para asegurar que cada participante tenga una experiencia enriquecedora y divertida.<\/p>\n\n\n\n<p>Uno de los campamentos que contin\u00faa se lleva a cabo en el \u00c1rea Recreativa \u201cEl Refugio\u201d, ubicada en avenida Libertad, en el que m\u00e1s de 70 ni\u00f1as y ni\u00f1os tienen la oportunidad de aprender a cocinar postres, participar en pr\u00e1cticas deportivas, y disfrutar de diversos juegos recreativos; este campamento se mantendr\u00e1 a lo largo de tres semanas m\u00e1s.<\/p>\n\n\n\n<p>Por otra parte, el campamento organizado por el Sistema Municipal para el Desarrollo Integral de la Familia (DIF) se extender\u00e1 hasta el pr\u00f3ximo 9 de agosto, ofreciendo un espacio seguro para m\u00e1s de 60 menores de edad, adem\u00e1s de las actividades l\u00fadicas y educativas; este campamento ofrece importantes beneficios para las familias, ya que es completamente gratuito, aliviando a las y los padres de la carga de encontrar actividades recreativas durante las vacaciones.<\/p>\n\n\n\n<p>El Gobierno Municipal de Soledad de Graciano S\u00e1nchez sigue comprometido con el bienestar y el desarrollo de la infancia, ofreciendo espacios donde las y los ni\u00f1os pueden aprender, crecer y divertirse durante sus vacaciones, con actividades pensadas para fomentar habilidades nuevas y fortalecer el trabajo en equipo.<\/p>\n","protected":false},"excerpt":{"rendered":"<p>Los campamentos de verano organizados por el Gobierno Municipal de Soledad de Graciano S\u00e1nchez siguen siendo un gran \u00e9xito, brindando a ni\u00f1as y ni\u00f1os una variedad de actividades recreativas y educativas durante el periodo vacacional; este a\u00f1o, el municipio ampli\u00f3 su oferta para asegurar que cada participante tenga una experiencia enriquecedora y divertida. Uno de [&hellip;]<\/p>\n","protected":false},"author":2,"featured_media":11670,"comment_status":"open","ping_status":"open","sticky":false,"template":"","format":"standard","meta":{"footnotes":""},"categories":[24,21],"tags":[223,2187,294,261,27],"class_list":{"0":"post-11669","1":"post","2":"type-post","3":"status-publish","4":"format-standard","5":"has-post-thumbnail","7":"category-informacion-general","8":"category-tu-soledad","9":"tag-ayuntamiento-soledense","10":"tag-campamento-de-verano","11":"tag-san-luis","12":"tag-slp","13":"tag-soledad"},"_links":{"self":[{"href":"https:\/\/cronicadesoledad.com\/index.php\/wp-json\/wp\/v2\/posts\/11669","targetHints":{"allow":["GET"]}}],"collection":[{"href":"https:\/\/cronicadesoledad.com\/index.php\/wp-json\/wp\/v2\/posts"}],"about":[{"href":"https:\/\/cronicadesoledad.com\/index.php\/wp-json\/wp\/v2\/types\/post"}],"author":[{"embeddable":true,"href":"https:\/\/cronicadesoledad.com\/index.php\/wp-json\/wp\/v2\/users\/2"}],"replies":[{"embeddable":true,"href":"https:\/\/cronicadesoledad.com\/index.php\/wp-json\/wp\/v2\/comments?post=11669"}],"version-history":[{"count":1,"href":"https:\/\/cronicadesoledad.com\/index.php\/wp-json\/wp\/v2\/posts\/11669\/revisions"}],"predecessor-version":[{"id":11671,"href":"https:\/\/cronicadesoledad.com\/index.php\/wp-json\/wp\/v2\/posts\/11669\/revisions\/11671"}],"wp:featuredmedia":[{"embeddable":true,"href":"https:\/\/cronicadesoledad.com\/index.php\/wp-json\/wp\/v2\/media\/11670"}],"wp:attachment":[{"href":"https:\/\/cronicadesoledad.com\/index.php\/wp-json\/wp\/v2\/media?parent=11669"}],"wp:term":[{"taxonomy":"category","embeddable":true,"href":"https:\/\/cronicadesoledad.com\/index.php\/wp-json\/wp\/v2\/categories?post=11669"},{"taxonomy":"post_tag","embeddable":true,"href":"https:\/\/cronicadesoledad.com\/index.php\/wp-json\/wp\/v2\/tags?post=11669"}],"curies":[{"name":"wp","href":"https:\/\/api.w.org\/{rel}","templated":true}]}}