{"id":11675,"date":"2024-07-31T11:41:21","date_gmt":"2024-07-31T17:41:21","guid":{"rendered":"https:\/\/cronicadesoledad.com\/?p=11675"},"modified":"2024-07-31T11:41:21","modified_gmt":"2024-07-31T17:41:21","slug":"aumento-de-visitas-a-bibliotecas-en-soledad-durante-vacaciones","status":"publish","type":"post","link":"https:\/\/cronicadesoledad.com\/index.php\/2024\/07\/31\/aumento-de-visitas-a-bibliotecas-en-soledad-durante-vacaciones\/","title":{"rendered":"Aumento de visitas a bibliotecas en Soledad durante vacaciones"},"content":{"rendered":"\n<p>Las bibliotecas municipales de Soledad de Graciano S\u00e1nchez han experimentado un notable incremento del 60% en la afluencia de usuarios durante la temporada vacacional. Este aumento ha sido especialmente destacado en las bibliotecas &#8220;Prof. Enrique Almaz\u00e1n Nieto&#8221;, &#8220;Graciano S\u00e1nchez Romo&#8221;, &#8220;Eulalio Cervantes Galarza&#8221; y &#8220;Jos\u00e9 de G\u00e1lvez&#8221;.<\/p>\n\n\n\n<p>La biblioteca &#8220;Prof. Enrique Almaz\u00e1n Nieto&#8221; ha visto un aumento significativo en la participaci\u00f3n de ni\u00f1os y adolescentes, quienes aprovechan los talleres de lectura y manualidades ofrecidos. Estos j\u00f3venes, frecuentemente acompa\u00f1ados por sus padres, encuentran en la biblioteca un entorno seguro y estimulante durante las vacaciones.<\/p>\n\n\n\n<p>En la biblioteca &#8220;Graciano S\u00e1nchez Romo&#8221;, los adultos j\u00f3venes y profesionales han sido los principales visitantes, utilizando las instalaciones para estudiar y consultar material especializado. Adem\u00e1s, se han llevado a cabo clubes de lectura y charlas sobre literatura contempor\u00e1nea, atrayendo a un p\u00fablico diverso.<\/p>\n\n\n\n<p>La biblioteca &#8220;Eulalio Cervantes Galarza&#8221; se ha convertido en un punto de referencia para estudiantes de nivel medio superior, que utilizan el espacio para realizar investigaciones y prepararse para ex\u00e1menes. Las sesiones de estudio en grupo y las asesor\u00edas acad\u00e9micas han promovido un ambiente colaborativo.<\/p>\n\n\n\n<p>La biblioteca &#8220;Jos\u00e9 de G\u00e1lvez&#8221; ha visto una mayor presencia de estudiantes de la Universidad &#8220;Jos\u00e9 Vasconcelos&#8221;, quienes utilizan los recursos digitales y bibliogr\u00e1ficos para sus proyectos acad\u00e9micos y participan en actividades extracurriculares organizadas por la biblioteca.<\/p>\n\n\n\n<p>Mar\u00eda Guadalupe Cort\u00e9s Segura, directora de Bibliotecas Municipales, expres\u00f3 su satisfacci\u00f3n por el incremento en la visita de usuarios. &#8220;Estamos muy contentos de ver c\u00f3mo&nbsp;las bibliotecas se convierten en un punto de encuentro y aprendizaje para la comunidad. Continuaremos ofreciendo programas y actividades que fomenten el amor por la lectura y el conocimiento&#8221;, indic\u00f3.<\/p>\n","protected":false},"excerpt":{"rendered":"<p>Las bibliotecas municipales de Soledad de Graciano S\u00e1nchez han experimentado un notable incremento del 60% en la afluencia de usuarios durante la temporada vacacional. Este aumento ha sido especialmente destacado en las bibliotecas &#8220;Prof. Enrique Almaz\u00e1n Nieto&#8221;, &#8220;Graciano S\u00e1nchez Romo&#8221;, &#8220;Eulalio Cervantes Galarza&#8221; y &#8220;Jos\u00e9 de G\u00e1lvez&#8221;. La biblioteca &#8220;Prof. Enrique Almaz\u00e1n Nieto&#8221; ha visto [&hellip;]<\/p>\n","protected":false},"author":2,"featured_media":11676,"comment_status":"open","ping_status":"open","sticky":false,"template":"","format":"standard","meta":{"footnotes":""},"categories":[24],"tags":[2447,430,855,294,27,1977],"class_list":{"0":"post-11675","1":"post","2":"type-post","3":"status-publish","4":"format-standard","5":"has-post-thumbnail","7":"category-informacion-general","8":"tag-aumento","9":"tag-bibliotecas","10":"tag-jovenes","11":"tag-san-luis","12":"tag-soledad","13":"tag-vacaciones"},"_links":{"self":[{"href":"https:\/\/cronicadesoledad.com\/index.php\/wp-json\/wp\/v2\/posts\/11675","targetHints":{"allow":["GET"]}}],"collection":[{"href":"https:\/\/cronicadesoledad.com\/index.php\/wp-json\/wp\/v2\/posts"}],"about":[{"href":"https:\/\/cronicadesoledad.com\/index.php\/wp-json\/wp\/v2\/types\/post"}],"author":[{"embeddable":true,"href":"https:\/\/cronicadesoledad.com\/index.php\/wp-json\/wp\/v2\/users\/2"}],"replies":[{"embeddable":true,"href":"https:\/\/cronicadesoledad.com\/index.php\/wp-json\/wp\/v2\/comments?post=11675"}],"version-history":[{"count":1,"href":"https:\/\/cronicadesoledad.com\/index.php\/wp-json\/wp\/v2\/posts\/11675\/revisions"}],"predecessor-version":[{"id":11677,"href":"https:\/\/cronicadesoledad.com\/index.php\/wp-json\/wp\/v2\/posts\/11675\/revisions\/11677"}],"wp:featuredmedia":[{"embeddable":true,"href":"https:\/\/cronicadesoledad.com\/index.php\/wp-json\/wp\/v2\/media\/11676"}],"wp:attachment":[{"href":"https:\/\/cronicadesoledad.com\/index.php\/wp-json\/wp\/v2\/media?parent=11675"}],"wp:term":[{"taxonomy":"category","embeddable":true,"href":"https:\/\/cronicadesoledad.com\/index.php\/wp-json\/wp\/v2\/categories?post=11675"},{"taxonomy":"post_tag","embeddable":true,"href":"https:\/\/cronicadesoledad.com\/index.php\/wp-json\/wp\/v2\/tags?post=11675"}],"curies":[{"name":"wp","href":"https:\/\/api.w.org\/{rel}","templated":true}]}}