{"id":11747,"date":"2024-08-05T21:50:10","date_gmt":"2024-08-06T03:50:10","guid":{"rendered":"https:\/\/cronicadesoledad.com\/?p=11747"},"modified":"2024-08-05T21:50:11","modified_gmt":"2024-08-06T03:50:11","slug":"realizaron-la-expo-empleo-2024","status":"publish","type":"post","link":"https:\/\/cronicadesoledad.com\/index.php\/2024\/08\/05\/realizaron-la-expo-empleo-2024\/","title":{"rendered":"Realizaron la Expo Empleo 2024"},"content":{"rendered":"\n<p>Este lunes, el Gobierno Municipal de Soledad de Graciano S\u00e1nchez realiz\u00f3 una edici\u00f3n m\u00e1s de Expo Empleo en la Plaza principal, con la finalidad de acercar a las y los habitantes nuevas oportunidades laborales que atiendan sus principales necesidades econ\u00f3micas y profesionales, derivado del compromiso que el Ayuntamiento mantiene con el bienestar social y la constante elevaci\u00f3n en la calidad de vida de la familias.<\/p>\n\n\n\n<p>En esta edici\u00f3n, la Expo Empleo cuenta con la participaci\u00f3n de m\u00e1s de 20 empresas, ofreciendo m\u00e1s de 3 mil vacantes en una amplia variedad de puestos que incluyen roles administrativos, operativos, t\u00e9cnicos, mantenimiento, limpieza, transporte, entre otros.<\/p>\n\n\n\n<p>Daniel Cabrera Medina, S\u00edndico Municipal, agradeci\u00f3 a nombre de la Alcaldesa soledense, Araceli Mart\u00ednez P\u00e9rez, la disposici\u00f3n y voluntad de las empresas ofertantes para participar en estos eventos que, dijo, son fundamentales para el crecimiento econ\u00f3mico del municipio, y el fortalecimiento del bienestar de la ciudadan\u00eda.<\/p>\n\n\n\n<p>F\u00e9lix Herrera Ortega, titular de la Direcci\u00f3n de Desarrollo Econ\u00f3mico, asegur\u00f3 que el Ayuntamiento de Soledad realiza un esfuerzo sin precedentes con esta nueva modalidad de captaci\u00f3n de talento humano, la cual, sumada a la certificaci\u00f3n de habilidades, convierten al municipio en una fuente de talento fundamental para el estado y permite, a su vez, el r\u00e1pido crecimiento de la econom\u00eda local.<\/p>\n\n\n\n<p>La diversidad de ofertas propuso que la y los asistentes puedan encontrar oportunidades que se adapten a sus habilidades y aspiraciones profesionales, adem\u00e1s de destacar que en esta edici\u00f3n tambi\u00e9n se ofertan puestos espec\u00edficos para personas con alg\u00fan tipo de discapacidad, por lo que todas y todos los ciudadanos pueden acceder a las mismas oportunidades laborales.<\/p>\n\n\n\n<p>En el evento, se cont\u00f3 tambi\u00e9n con la presencia de Jes\u00fas Salvador Gonz\u00e1lez Mart\u00ednez, Secretario de Desarrollo Econ\u00f3mico del Estado de San Luis Potos\u00ed; Rosa Arreola, presidenta del Consejo Empresarial Mexicano, Colectivo 50+1; Vicky Ocayo, representante de la empresa Canel\u00b4s.<\/p>\n","protected":false},"excerpt":{"rendered":"<p>Este lunes, el Gobierno Municipal de Soledad de Graciano S\u00e1nchez realiz\u00f3 una edici\u00f3n m\u00e1s de Expo Empleo en la Plaza principal, con la finalidad de acercar a las y los habitantes nuevas oportunidades laborales que atiendan sus principales necesidades econ\u00f3micas y profesionales, derivado del compromiso que el Ayuntamiento mantiene con el bienestar social y la [&hellip;]<\/p>\n","protected":false},"author":2,"featured_media":11748,"comment_status":"open","ping_status":"open","sticky":false,"template":"","format":"standard","meta":{"footnotes":""},"categories":[1,24,21],"tags":[223,727,294,261,27],"class_list":{"0":"post-11747","1":"post","2":"type-post","3":"status-publish","4":"format-standard","5":"has-post-thumbnail","7":"category-destacadas","8":"category-informacion-general","9":"category-tu-soledad","10":"tag-ayuntamiento-soledense","11":"tag-expo-empleo","12":"tag-san-luis","13":"tag-slp","14":"tag-soledad"},"_links":{"self":[{"href":"https:\/\/cronicadesoledad.com\/index.php\/wp-json\/wp\/v2\/posts\/11747","targetHints":{"allow":["GET"]}}],"collection":[{"href":"https:\/\/cronicadesoledad.com\/index.php\/wp-json\/wp\/v2\/posts"}],"about":[{"href":"https:\/\/cronicadesoledad.com\/index.php\/wp-json\/wp\/v2\/types\/post"}],"author":[{"embeddable":true,"href":"https:\/\/cronicadesoledad.com\/index.php\/wp-json\/wp\/v2\/users\/2"}],"replies":[{"embeddable":true,"href":"https:\/\/cronicadesoledad.com\/index.php\/wp-json\/wp\/v2\/comments?post=11747"}],"version-history":[{"count":1,"href":"https:\/\/cronicadesoledad.com\/index.php\/wp-json\/wp\/v2\/posts\/11747\/revisions"}],"predecessor-version":[{"id":11749,"href":"https:\/\/cronicadesoledad.com\/index.php\/wp-json\/wp\/v2\/posts\/11747\/revisions\/11749"}],"wp:featuredmedia":[{"embeddable":true,"href":"https:\/\/cronicadesoledad.com\/index.php\/wp-json\/wp\/v2\/media\/11748"}],"wp:attachment":[{"href":"https:\/\/cronicadesoledad.com\/index.php\/wp-json\/wp\/v2\/media?parent=11747"}],"wp:term":[{"taxonomy":"category","embeddable":true,"href":"https:\/\/cronicadesoledad.com\/index.php\/wp-json\/wp\/v2\/categories?post=11747"},{"taxonomy":"post_tag","embeddable":true,"href":"https:\/\/cronicadesoledad.com\/index.php\/wp-json\/wp\/v2\/tags?post=11747"}],"curies":[{"name":"wp","href":"https:\/\/api.w.org\/{rel}","templated":true}]}}