{"id":11750,"date":"2024-08-05T21:52:32","date_gmt":"2024-08-06T03:52:32","guid":{"rendered":"https:\/\/cronicadesoledad.com\/?p=11750"},"modified":"2024-08-05T21:52:33","modified_gmt":"2024-08-06T03:52:33","slug":"proteccion-civil-incrementa-respuesta-ante-emergencias","status":"publish","type":"post","link":"https:\/\/cronicadesoledad.com\/index.php\/2024\/08\/05\/proteccion-civil-incrementa-respuesta-ante-emergencias\/","title":{"rendered":"Protecci\u00f3n Civil incrementa respuesta ante emergencias"},"content":{"rendered":"\n<p>Con el objetivo de mejorar la respuesta ante emergencias y garantizar una atenci\u00f3n de calidad a la poblaci\u00f3n en general, la Coordinaci\u00f3n Municipal de Protecci\u00f3n Civil de Soledad de Graciano S\u00e1nchez mantiene una constante capacitaci\u00f3n y acreditaci\u00f3n de sus param\u00e9dicos ante el Centro Regulador de Urgencias M\u00e9dicas (CRUM).<\/p>\n\n\n\n<p>El coordinador de esta \u00e1rea municipal, Martin Bravo Galicia detall\u00f3 que el departamento a su cargo cuenta con un equipo altamente capacitado que incluye a cinco enfermeras, un t\u00e9cnico en emergencias m\u00e9dicas y personal que ha recibido formaci\u00f3n espec\u00edfica en t\u00e9cnicas de urgencias m\u00e9dicas, adem\u00e1s de una ambulancia siempre habilitada: \u201ccon esta estructura se garantiza una atenci\u00f3n m\u00e1s eficiente y especializada para cada incidente, asegurando que la respuesta ante emergencias, como accidentes, sea r\u00e1pida y efectiva\u201d, asegur\u00f3.<\/p>\n\n\n\n<p>El equipo de Protecci\u00f3n Civil est\u00e1 compuesto por seis param\u00e9dicos, quienes cubren un horario hasta las 11 de la noche. Actualmente, se est\u00e1 trabajando en la capacitaci\u00f3n y certificaci\u00f3n de dos t\u00e9cnicos adicionales para lograr que la ambulancia est\u00e9 disponible las 24 horas del d\u00eda, los 7 d\u00edas de la semana.<\/p>\n\n\n\n<p>Diariamente, esta \u00e1rea municipal atiende m\u00e1s de cinco emergencias, gestionando una variedad de situaciones cr\u00edticas, como: la atenci\u00f3n a accidentes de tr\u00e1nsito, emergencias m\u00e9dicas, traumatismos y traslados de urgencia; adem\u00e1s, el equipo est\u00e1 preparado para intervenir en casos de enfermedades respiratorias agudas, crisis cardiovasculares y emergencias pedi\u00e1tricas, garantizando una respuesta r\u00e1pida y profesional en cada incidente.<\/p>\n\n\n\n<p>Destac\u00f3 que una de las mejoras en la operatividad es que las llamadas del CRUM ahora se dirigen directamente a Protecci\u00f3n Civil Municipal, lo que permite una reacci\u00f3n m\u00e1s \u00e1gil ante cualquier emergencia; as\u00ed mismo se\u00f1al\u00f3 que en esta labor, se colabora estrechamente con la Direcci\u00f3n General de Seguridad P\u00fablica Municipal (DGSPM), que tambi\u00e9n dispone de una ambulancia adicional para maximizar la eficiencia del servicio de atenci\u00f3n prehospitalaria.<\/p>\n","protected":false},"excerpt":{"rendered":"<p>Con el objetivo de mejorar la respuesta ante emergencias y garantizar una atenci\u00f3n de calidad a la poblaci\u00f3n en general, la Coordinaci\u00f3n Municipal de Protecci\u00f3n Civil de Soledad de Graciano S\u00e1nchez mantiene una constante capacitaci\u00f3n y acreditaci\u00f3n de sus param\u00e9dicos ante el Centro Regulador de Urgencias M\u00e9dicas (CRUM). El coordinador de esta \u00e1rea municipal, Martin [&hellip;]<\/p>\n","protected":false},"author":2,"featured_media":11751,"comment_status":"open","ping_status":"open","sticky":false,"template":"","format":"standard","meta":{"footnotes":""},"categories":[24,21],"tags":[223,1878,294,261,27],"class_list":{"0":"post-11750","1":"post","2":"type-post","3":"status-publish","4":"format-standard","5":"has-post-thumbnail","7":"category-informacion-general","8":"category-tu-soledad","9":"tag-ayuntamiento-soledense","10":"tag-proteccion-civil-2","11":"tag-san-luis","12":"tag-slp","13":"tag-soledad"},"_links":{"self":[{"href":"https:\/\/cronicadesoledad.com\/index.php\/wp-json\/wp\/v2\/posts\/11750","targetHints":{"allow":["GET"]}}],"collection":[{"href":"https:\/\/cronicadesoledad.com\/index.php\/wp-json\/wp\/v2\/posts"}],"about":[{"href":"https:\/\/cronicadesoledad.com\/index.php\/wp-json\/wp\/v2\/types\/post"}],"author":[{"embeddable":true,"href":"https:\/\/cronicadesoledad.com\/index.php\/wp-json\/wp\/v2\/users\/2"}],"replies":[{"embeddable":true,"href":"https:\/\/cronicadesoledad.com\/index.php\/wp-json\/wp\/v2\/comments?post=11750"}],"version-history":[{"count":1,"href":"https:\/\/cronicadesoledad.com\/index.php\/wp-json\/wp\/v2\/posts\/11750\/revisions"}],"predecessor-version":[{"id":11752,"href":"https:\/\/cronicadesoledad.com\/index.php\/wp-json\/wp\/v2\/posts\/11750\/revisions\/11752"}],"wp:featuredmedia":[{"embeddable":true,"href":"https:\/\/cronicadesoledad.com\/index.php\/wp-json\/wp\/v2\/media\/11751"}],"wp:attachment":[{"href":"https:\/\/cronicadesoledad.com\/index.php\/wp-json\/wp\/v2\/media?parent=11750"}],"wp:term":[{"taxonomy":"category","embeddable":true,"href":"https:\/\/cronicadesoledad.com\/index.php\/wp-json\/wp\/v2\/categories?post=11750"},{"taxonomy":"post_tag","embeddable":true,"href":"https:\/\/cronicadesoledad.com\/index.php\/wp-json\/wp\/v2\/tags?post=11750"}],"curies":[{"name":"wp","href":"https:\/\/api.w.org\/{rel}","templated":true}]}}