{"id":11756,"date":"2024-08-06T14:27:40","date_gmt":"2024-08-06T20:27:40","guid":{"rendered":"https:\/\/cronicadesoledad.com\/?p=11756"},"modified":"2024-08-06T21:24:01","modified_gmt":"2024-08-07T03:24:01","slug":"limpian-2-toneladas-de-lodo-del-rio-santiago-en-soledad","status":"publish","type":"post","link":"https:\/\/cronicadesoledad.com\/index.php\/2024\/08\/06\/limpian-2-toneladas-de-lodo-del-rio-santiago-en-soledad\/","title":{"rendered":"Limpian 2 toneladas de lodo del R\u00edo Santiago en Soledad"},"content":{"rendered":"\n<p>La Direcci\u00f3n de Servicios Municipales de Soledad de Graciano S\u00e1nchez realiz\u00f3 una jornada intensiva de limpieza en el Bulevar R\u00edo Santiago. Durante la operaci\u00f3n, se retiraron m\u00e1s de 2 toneladas de lodo acumulado tras las fuertes lluvias que afectaron la regi\u00f3n en las \u00faltimas semanas.<\/p>\n\n\n\n<p>Conrado P\u00e9rez, director de Servicios Municipales, indic\u00f3 que un equipo especializado trabaj\u00f3 durante el d\u00eda para despejar la v\u00eda. \u201cLa rapidez y eficiencia con la que se realiz\u00f3 esta tarea fue posible gracias a la coordinaci\u00f3n y dedicaci\u00f3n del equipo, que trabaj\u00f3 arduamente para garantizar la apertura segura de esta importante v\u00eda de comunicaci\u00f3n\u201d, coment\u00f3 P\u00e9rez.<\/p>\n\n\n\n<p>El Bulevar R\u00edo Santiago es una v\u00eda clave para la movilidad en Soledad de Graciano S\u00e1nchez y San Luis Potos\u00ed, esencial para conectar varias \u00e1reas urbanas y facilitar el tr\u00e1nsito vehicular. La limpieza de esta carretera es vital para mantener la seguridad vial y prevenir inundaciones.<\/p>\n\n\n\n<p>Los residuos y el lodo pueden causar obstrucciones en los sistemas de drenaje y aumentar el riesgo de accidentes. Las acciones de limpieza no solo aseguran la transitabilidad de la v\u00eda, sino que tambi\u00e9n contribuyen a la preservaci\u00f3n del entorno urbano.<\/p>\n\n\n\n<p>La Direcci\u00f3n de Servicios Municipales continuar\u00e1 con la limpieza y el mantenimiento en otras \u00e1reas del municipio afectadas por las recientes lluvias.<\/p>\n","protected":false},"excerpt":{"rendered":"<p>La Direcci\u00f3n de Servicios Municipales de Soledad de Graciano S\u00e1nchez realiz\u00f3 una jornada intensiva de limpieza en el Bulevar R\u00edo Santiago. Durante la operaci\u00f3n, se retiraron m\u00e1s de 2 toneladas de lodo acumulado tras las fuertes lluvias que afectaron la regi\u00f3n en las \u00faltimas semanas. Conrado P\u00e9rez, director de Servicios Municipales, indic\u00f3 que un equipo [&hellip;]<\/p>\n","protected":false},"author":2,"featured_media":11757,"comment_status":"open","ping_status":"open","sticky":false,"template":"","format":"standard","meta":{"footnotes":""},"categories":[24,21],"tags":[1773,2493,581,2362,261,27],"class_list":{"0":"post-11756","1":"post","2":"type-post","3":"status-publish","4":"format-standard","5":"has-post-thumbnail","7":"category-informacion-general","8":"category-tu-soledad","9":"tag-bulevar-rio-santiago","10":"tag-coronado-perez","11":"tag-limpieza","12":"tag-municipio","13":"tag-slp","14":"tag-soledad"},"_links":{"self":[{"href":"https:\/\/cronicadesoledad.com\/index.php\/wp-json\/wp\/v2\/posts\/11756","targetHints":{"allow":["GET"]}}],"collection":[{"href":"https:\/\/cronicadesoledad.com\/index.php\/wp-json\/wp\/v2\/posts"}],"about":[{"href":"https:\/\/cronicadesoledad.com\/index.php\/wp-json\/wp\/v2\/types\/post"}],"author":[{"embeddable":true,"href":"https:\/\/cronicadesoledad.com\/index.php\/wp-json\/wp\/v2\/users\/2"}],"replies":[{"embeddable":true,"href":"https:\/\/cronicadesoledad.com\/index.php\/wp-json\/wp\/v2\/comments?post=11756"}],"version-history":[{"count":1,"href":"https:\/\/cronicadesoledad.com\/index.php\/wp-json\/wp\/v2\/posts\/11756\/revisions"}],"predecessor-version":[{"id":11758,"href":"https:\/\/cronicadesoledad.com\/index.php\/wp-json\/wp\/v2\/posts\/11756\/revisions\/11758"}],"wp:featuredmedia":[{"embeddable":true,"href":"https:\/\/cronicadesoledad.com\/index.php\/wp-json\/wp\/v2\/media\/11757"}],"wp:attachment":[{"href":"https:\/\/cronicadesoledad.com\/index.php\/wp-json\/wp\/v2\/media?parent=11756"}],"wp:term":[{"taxonomy":"category","embeddable":true,"href":"https:\/\/cronicadesoledad.com\/index.php\/wp-json\/wp\/v2\/categories?post=11756"},{"taxonomy":"post_tag","embeddable":true,"href":"https:\/\/cronicadesoledad.com\/index.php\/wp-json\/wp\/v2\/tags?post=11756"}],"curies":[{"name":"wp","href":"https:\/\/api.w.org\/{rel}","templated":true}]}}